{"id":4502,"date":"2019-07-08T18:30:31","date_gmt":"2019-07-08T22:30:31","guid":{"rendered":"http:\/\/184.107.41.70\/~ctffce\/media-alert-ndp-leader-jagmeet-singh-to-talk-election-priorities-with-canadas-teachers\/"},"modified":"2020-09-22T16:39:56","modified_gmt":"2020-09-22T20:39:56","slug":"avis-aux-medias-le-chef-du-npd-jagmeet-singh-parlera-de-ses-priorites-electorales-avec-les-enseignantes-et-enseignants-du-canada","status":"publish","type":"post","link":"https:\/\/www.ctf-fce.ca\/fr\/avis-aux-medias-le-chef-du-npd-jagmeet-singh-parlera-de-ses-priorites-electorales-avec-les-enseignantes-et-enseignants-du-canada\/","title":{"rendered":"Avis aux m\u00e9dias : le chef du NPD Jagmeet Singh parlera de ses priorit\u00e9s \u00e9lectorales avec les enseignantes et enseignants du Canada"},"content":{"rendered":"\n<p><strong>Le 8 juillet 2019<\/strong>&nbsp;\u2014 En pr\u00e9vision des \u00e9lections f\u00e9d\u00e9rales de 2019, la F\u00e9d\u00e9ration canadienne des enseignantes et des enseignants (FCE\/CTF) accueillera le chef du NPD Jagmeet Singh \u00e0 son Assembl\u00e9e g\u00e9n\u00e9rale annuelle (AGA) pour discuter de certaines des questions les plus pressantes auxquelles sont confront\u00e9es la population canadienne et la profession enseignante du Canada.<\/p>\n\n\n\n<p>Anim\u00e9e par la vice-pr\u00e9sidente de la FCE\/CTF Heidi Yetman, la discussion sera une occasion unique d\u2019entendre ce que le chef du NPD et son parti pr\u00e9voient faire pour surmonter les d\u00e9fis comme la pauvret\u00e9, les changements climatiques et l\u2019atteinte de l\u2019\u00e9quit\u00e9 entre les genres.<\/p>\n\n\n\n<p>Dans le cadre de la campagne \u00ab&nbsp;J\u2019enseigne. Je vote.&nbsp;\u00bb que m\u00e8ne la FCE\/CTF en vue des \u00e9lections f\u00e9d\u00e9rales, les chefs des principaux partis politiques du Canada ont \u00e9t\u00e9 invit\u00e9s \u00e0 participer \u00e0 cet entretien \u00e0 l\u2019occasion de l\u2019AGA. Cette campagne a pour but d\u2019informer les enseignantes et enseignants et de piquer leur curiosit\u00e9 \u00e0 l\u2019approche des \u00e9lections.<\/p>\n\n\n\n<p><strong>Les principaux th\u00e8mes de la campagne de cette ann\u00e9e sont les suivants&nbsp;:<\/strong><\/p>\n\n\n\n<ul class=\"wp-block-list\"><li>\u00c9limination de la pauvret\u00e9;<\/li><li>\u00c9quit\u00e9 entre les genres;<\/li><li>Action durable pour le climat;<\/li><li>Sant\u00e9 mentale;<\/li><li>Valorisation des syndicats et des droits des travailleuses et travailleurs. <\/li><\/ul>\n\n\n\n<p> <strong>Qui sommes-nous?<\/strong> <\/p>\n\n\n\n<p>Fond\u00e9e en 1920, la F\u00e9d\u00e9ration canadienne des enseignantes et des enseignants est la voix nationale de la profession enseignante. Alliance nationale d\u2019organisations provinciales et territoriales, la FCE\/CTF repr\u00e9sente plus de 273&nbsp;000 enseignantes et enseignants des \u00e9coles \u00e9l\u00e9mentaires et secondaires au Canada. La FCE\/CTF est \u00e9galement membre de l\u2019Internationale de l\u2019\u00c9ducation, la f\u00e9d\u00e9ration mondiale d\u2019organisations nationales de l\u2019enseignement r\u00e9parties dans 173 pays.<\/p>\n\n\n\n<p><strong>Quoi&nbsp;:<\/strong>&nbsp;Discussion avec les chefs des partis f\u00e9d\u00e9raux, \u00e0 l\u2019AGA de la F\u00e9d\u00e9ration canadienne des enseignantes et des enseignants<br><strong>Qui&nbsp;:<\/strong>&nbsp;Le chef du NPD Jagmeet Singh<br><strong>Date&nbsp;:<\/strong>&nbsp;Le jeudi 11 juillet 2019<br><strong>Lieu&nbsp;:<\/strong>&nbsp;H\u00f4tel Ottawa Marriott, salle de bal Victoria<br><strong>Heure&nbsp;:<\/strong>&nbsp;De 9 h 40 \u00e0 10 h 20 (heure de l\u2019Est)<br><strong>Formule&nbsp;:<\/strong>&nbsp;Face-\u00e0-face entre le chef du NPD Jagmeet Singh et la vice-pr\u00e9sidente de la FCE\/CTF Heidi Yetman<br><strong>RSVP&nbsp;:<\/strong>&nbsp;Il est n\u00e9cessaire de vous inscrire \u00e0 l\u2019avance pour participer \u00e0 l\u2019\u00e9v\u00e8nement. Veuillez confirmer votre pr\u00e9sence par courriel \u00e0&nbsp;<a href=\"https:\/\/www.ctf-fce.ca\/fr\/qui-nous-sommes\/contactez-nous\/?recipient=aking&amp;recipient_name=Andrew%20King&amp;recipient_exist=true\">Andrew King<\/a>.<br><em>Note&nbsp;: Les cam\u00e9ras et appareils photo sont permis; veuillez, au moment de vous inscrire, nous indiquer si vous pr\u00e9voyez en apporter, ou encore si avez des besoins particuliers.<\/em><\/p>\n\n\n\n<p>*Des entrevues avec les m\u00e9dias seront possibles tout de suite apr\u00e8s l\u2019\u00e9v\u00e8nement.<\/p>\n\n\n\n<p><strong>Contact avec les m\u00e9dias\u00a0:<\/strong><br>Andrew King, F\u00e9d\u00e9ration canadienne des enseignantes et des enseignants<br><a href=\"https:\/\/www.ctf-fce.ca\/fr\/qui-nous-sommes\/contactez-nous\/?recipient=aking&amp;recipient_name=Andrew%20King&amp;recipient_exist=true\">Contact<\/a><br>Cellulaire\u00a0: 819-213-7847<\/p>\n","protected":false},"excerpt":{"rendered":"<p>Le 8 juillet 2019&nbsp;\u2014 En pr\u00e9vision des \u00e9lections f\u00e9d\u00e9rales de 2019, la F\u00e9d\u00e9ration canadienne des enseignantes et des enseignants (FCE\/CTF) accueillera le chef du NPD Jagmeet Singh \u00e0 son Assembl\u00e9e g\u00e9n\u00e9rale annuelle (AGA) pour discuter de certaines des questions les plus pressantes auxquelles sont confront\u00e9es la population canadienne et la profession enseignante du Canada. Anim\u00e9e [&hellip;]<\/p>\n","protected":false},"author":1,"featured_media":4617,"comment_status":"closed","ping_status":"closed","sticky":false,"template":"","format":"standard","meta":{"_acf_changed":false,"advgb_blocks_editor_width":"","advgb_blocks_columns_visual_guide":"","footnotes":""},"categories":[569,570,567],"tags":[],"class_list":["post-4502","post","type-post","status-publish","format-standard","has-post-thumbnail","hentry","category-action-politique","category-education-publique","category-election-fr"],"acf":[],"yoast_head":"<!-- This site is optimized with the Yoast SEO plugin v27.4 - https:\/\/yoast.com\/product\/yoast-seo-wordpress\/ -->\n<title>Avis aux m\u00e9dias : le chef du NPD Jagmeet Singh parlera de ses priorit\u00e9s \u00e9lectorales avec les enseignantes et enseignants du Canada - CTF-FCE<\/title>\n<meta name=\"robots\" content=\"index, follow, max-snippet:-1, max-image-preview:large, max-video-preview:-1\" \/>\n<link rel=\"canonical\" href=\"https:\/\/www.ctf-fce.ca\/fr\/avis-aux-medias-le-chef-du-npd-jagmeet-singh-parlera-de-ses-priorites-electorales-avec-les-enseignantes-et-enseignants-du-canada\/\" \/>\n<meta property=\"og:locale\" content=\"fr_FR\" \/>\n<meta property=\"og:type\" content=\"article\" \/>\n<meta property=\"og:title\" content=\"Avis aux m\u00e9dias : le chef du NPD Jagmeet Singh parlera de ses priorit\u00e9s \u00e9lectorales avec les enseignantes et enseignants du Canada - CTF-FCE\" \/>\n<meta property=\"og:description\" content=\"Le 8 juillet 2019&nbsp;\u2014 En pr\u00e9vision des \u00e9lections f\u00e9d\u00e9rales de 2019, la F\u00e9d\u00e9ration canadienne des enseignantes et des enseignants (FCE\/CTF) accueillera le chef du NPD Jagmeet Singh \u00e0 son Assembl\u00e9e g\u00e9n\u00e9rale annuelle (AGA) pour discuter de certaines des questions les plus pressantes auxquelles sont confront\u00e9es la population canadienne et la profession enseignante du Canada. Anim\u00e9e [&hellip;]\" \/>\n<meta property=\"og:url\" content=\"https:\/\/www.ctf-fce.ca\/fr\/avis-aux-medias-le-chef-du-npd-jagmeet-singh-parlera-de-ses-priorites-electorales-avec-les-enseignantes-et-enseignants-du-canada\/\" \/>\n<meta property=\"og:site_name\" content=\"CTF-FCE\" \/>\n<meta property=\"article:publisher\" content=\"https:\/\/www.facebook.com\/CTF.FCE\/\" \/>\n<meta property=\"article:published_time\" content=\"2019-07-08T22:30:31+00:00\" \/>\n<meta property=\"article:modified_time\" content=\"2020-09-22T20:39:56+00:00\" \/>\n<meta property=\"og:image\" content=\"https:\/\/www.ctf-fce.ca\/wp-content\/uploads\/2019\/07\/AGM2019-Day2_Jagmeet-Singh-13-scaled.jpg\" \/>\n\t<meta property=\"og:image:width\" content=\"2560\" \/>\n\t<meta property=\"og:image:height\" content=\"1707\" \/>\n\t<meta property=\"og:image:type\" content=\"image\/jpeg\" \/>\n<meta name=\"author\" content=\"contact@keshocommunications.ca\" \/>\n<meta name=\"twitter:card\" content=\"summary_large_image\" \/>\n<meta name=\"twitter:creator\" content=\"@CTFFCE\" \/>\n<meta name=\"twitter:site\" content=\"@CTFFCE\" \/>\n<meta name=\"twitter:label1\" content=\"\u00c9crit par\" \/>\n\t<meta name=\"twitter:data1\" content=\"contact@keshocommunications.ca\" \/>\n\t<meta name=\"twitter:label2\" content=\"Dur\u00e9e de lecture estim\u00e9e\" \/>\n\t<meta name=\"twitter:data2\" content=\"2 minutes\" \/>\n<script type=\"application\/ld+json\" class=\"yoast-schema-graph\">{\"@context\":\"https:\\\/\\\/schema.org\",\"@graph\":[{\"@type\":\"Article\",\"@id\":\"https:\\\/\\\/www.ctf-fce.ca\\\/fr\\\/avis-aux-medias-le-chef-du-npd-jagmeet-singh-parlera-de-ses-priorites-electorales-avec-les-enseignantes-et-enseignants-du-canada\\\/#article\",\"isPartOf\":{\"@id\":\"https:\\\/\\\/www.ctf-fce.ca\\\/fr\\\/avis-aux-medias-le-chef-du-npd-jagmeet-singh-parlera-de-ses-priorites-electorales-avec-les-enseignantes-et-enseignants-du-canada\\\/\"},\"author\":{\"name\":\"contact@keshocommunications.ca\",\"@id\":\"https:\\\/\\\/www.ctf-fce.ca\\\/fr\\\/#\\\/schema\\\/person\\\/75dcd67a4d012ca69e1c15d4ea0032d2\"},\"headline\":\"Avis aux m\u00e9dias : le chef du NPD Jagmeet Singh parlera de ses priorit\u00e9s \u00e9lectorales avec les enseignantes et enseignants du Canada\",\"datePublished\":\"2019-07-08T22:30:31+00:00\",\"dateModified\":\"2020-09-22T20:39:56+00:00\",\"mainEntityOfPage\":{\"@id\":\"https:\\\/\\\/www.ctf-fce.ca\\\/fr\\\/avis-aux-medias-le-chef-du-npd-jagmeet-singh-parlera-de-ses-priorites-electorales-avec-les-enseignantes-et-enseignants-du-canada\\\/\"},\"wordCount\":494,\"publisher\":{\"@id\":\"https:\\\/\\\/www.ctf-fce.ca\\\/fr\\\/#organization\"},\"image\":{\"@id\":\"https:\\\/\\\/www.ctf-fce.ca\\\/fr\\\/avis-aux-medias-le-chef-du-npd-jagmeet-singh-parlera-de-ses-priorites-electorales-avec-les-enseignantes-et-enseignants-du-canada\\\/#primaryimage\"},\"thumbnailUrl\":\"https:\\\/\\\/www.ctf-fce.ca\\\/wp-content\\\/uploads\\\/2019\\\/07\\\/AGM2019-Day2_Jagmeet-Singh-13-scaled.jpg\",\"articleSection\":[\"Action politique\",\"\u00c9ducation publique\",\"\u00c9lection\"],\"inLanguage\":\"fr-FR\"},{\"@type\":\"WebPage\",\"@id\":\"https:\\\/\\\/www.ctf-fce.ca\\\/fr\\\/avis-aux-medias-le-chef-du-npd-jagmeet-singh-parlera-de-ses-priorites-electorales-avec-les-enseignantes-et-enseignants-du-canada\\\/\",\"url\":\"https:\\\/\\\/www.ctf-fce.ca\\\/fr\\\/avis-aux-medias-le-chef-du-npd-jagmeet-singh-parlera-de-ses-priorites-electorales-avec-les-enseignantes-et-enseignants-du-canada\\\/\",\"name\":\"Avis aux m\u00e9dias : le chef du NPD Jagmeet Singh parlera de ses priorit\u00e9s \u00e9lectorales avec les enseignantes et enseignants du Canada - CTF-FCE\",\"isPartOf\":{\"@id\":\"https:\\\/\\\/www.ctf-fce.ca\\\/fr\\\/#website\"},\"primaryImageOfPage\":{\"@id\":\"https:\\\/\\\/www.ctf-fce.ca\\\/fr\\\/avis-aux-medias-le-chef-du-npd-jagmeet-singh-parlera-de-ses-priorites-electorales-avec-les-enseignantes-et-enseignants-du-canada\\\/#primaryimage\"},\"image\":{\"@id\":\"https:\\\/\\\/www.ctf-fce.ca\\\/fr\\\/avis-aux-medias-le-chef-du-npd-jagmeet-singh-parlera-de-ses-priorites-electorales-avec-les-enseignantes-et-enseignants-du-canada\\\/#primaryimage\"},\"thumbnailUrl\":\"https:\\\/\\\/www.ctf-fce.ca\\\/wp-content\\\/uploads\\\/2019\\\/07\\\/AGM2019-Day2_Jagmeet-Singh-13-scaled.jpg\",\"datePublished\":\"2019-07-08T22:30:31+00:00\",\"dateModified\":\"2020-09-22T20:39:56+00:00\",\"breadcrumb\":{\"@id\":\"https:\\\/\\\/www.ctf-fce.ca\\\/fr\\\/avis-aux-medias-le-chef-du-npd-jagmeet-singh-parlera-de-ses-priorites-electorales-avec-les-enseignantes-et-enseignants-du-canada\\\/#breadcrumb\"},\"inLanguage\":\"fr-FR\",\"potentialAction\":[{\"@type\":\"ReadAction\",\"target\":[\"https:\\\/\\\/www.ctf-fce.ca\\\/fr\\\/avis-aux-medias-le-chef-du-npd-jagmeet-singh-parlera-de-ses-priorites-electorales-avec-les-enseignantes-et-enseignants-du-canada\\\/\"]}]},{\"@type\":\"ImageObject\",\"inLanguage\":\"fr-FR\",\"@id\":\"https:\\\/\\\/www.ctf-fce.ca\\\/fr\\\/avis-aux-medias-le-chef-du-npd-jagmeet-singh-parlera-de-ses-priorites-electorales-avec-les-enseignantes-et-enseignants-du-canada\\\/#primaryimage\",\"url\":\"https:\\\/\\\/www.ctf-fce.ca\\\/wp-content\\\/uploads\\\/2019\\\/07\\\/AGM2019-Day2_Jagmeet-Singh-13-scaled.jpg\",\"contentUrl\":\"https:\\\/\\\/www.ctf-fce.ca\\\/wp-content\\\/uploads\\\/2019\\\/07\\\/AGM2019-Day2_Jagmeet-Singh-13-scaled.jpg\",\"width\":2560,\"height\":1707},{\"@type\":\"BreadcrumbList\",\"@id\":\"https:\\\/\\\/www.ctf-fce.ca\\\/fr\\\/avis-aux-medias-le-chef-du-npd-jagmeet-singh-parlera-de-ses-priorites-electorales-avec-les-enseignantes-et-enseignants-du-canada\\\/#breadcrumb\",\"itemListElement\":[{\"@type\":\"ListItem\",\"position\":1,\"name\":\"Accueil\",\"item\":\"https:\\\/\\\/www.ctf-fce.ca\\\/fr\\\/\"},{\"@type\":\"ListItem\",\"position\":2,\"name\":\"Avis aux m\u00e9dias : le chef du NPD Jagmeet Singh parlera de ses priorit\u00e9s \u00e9lectorales avec les enseignantes et enseignants du Canada\"}]},{\"@type\":\"WebSite\",\"@id\":\"https:\\\/\\\/www.ctf-fce.ca\\\/fr\\\/#website\",\"url\":\"https:\\\/\\\/www.ctf-fce.ca\\\/fr\\\/\",\"name\":\"CTF-FCE\",\"description\":\"\",\"publisher\":{\"@id\":\"https:\\\/\\\/www.ctf-fce.ca\\\/fr\\\/#organization\"},\"potentialAction\":[{\"@type\":\"SearchAction\",\"target\":{\"@type\":\"EntryPoint\",\"urlTemplate\":\"https:\\\/\\\/www.ctf-fce.ca\\\/fr\\\/?s={search_term_string}\"},\"query-input\":{\"@type\":\"PropertyValueSpecification\",\"valueRequired\":true,\"valueName\":\"search_term_string\"}}],\"inLanguage\":\"fr-FR\"},{\"@type\":\"Organization\",\"@id\":\"https:\\\/\\\/www.ctf-fce.ca\\\/fr\\\/#organization\",\"name\":\"CTF-FCE\",\"url\":\"https:\\\/\\\/www.ctf-fce.ca\\\/fr\\\/\",\"logo\":{\"@type\":\"ImageObject\",\"inLanguage\":\"fr-FR\",\"@id\":\"https:\\\/\\\/www.ctf-fce.ca\\\/fr\\\/#\\\/schema\\\/logo\\\/image\\\/\",\"url\":\"https:\\\/\\\/www.ctf-fce.ca\\\/wp-content\\\/uploads\\\/2020\\\/01\\\/ctf-fce-logo@2x.png\",\"contentUrl\":\"https:\\\/\\\/www.ctf-fce.ca\\\/wp-content\\\/uploads\\\/2020\\\/01\\\/ctf-fce-logo@2x.png\",\"width\":485,\"height\":146,\"caption\":\"CTF-FCE\"},\"image\":{\"@id\":\"https:\\\/\\\/www.ctf-fce.ca\\\/fr\\\/#\\\/schema\\\/logo\\\/image\\\/\"},\"sameAs\":[\"https:\\\/\\\/www.facebook.com\\\/CTF.FCE\\\/\",\"https:\\\/\\\/x.com\\\/CTFFCE\",\"https:\\\/\\\/www.instagram.com\\\/ctffce\\\/\",\"https:\\\/\\\/www.linkedin.com\\\/company\\\/canadian-teachers'\u200b-federation---f\u00e9d.-canadienne-des-enseignantes-et-des-enseignants\\\/\",\"https:\\\/\\\/www.youtube.com\\\/user\\\/canadianteachers\"]},{\"@type\":\"Person\",\"@id\":\"https:\\\/\\\/www.ctf-fce.ca\\\/fr\\\/#\\\/schema\\\/person\\\/75dcd67a4d012ca69e1c15d4ea0032d2\",\"name\":\"contact@keshocommunications.ca\"}]}<\/script>\n<!-- \/ Yoast SEO plugin. -->","yoast_head_json":{"title":"Avis aux m\u00e9dias : le chef du NPD Jagmeet Singh parlera de ses priorit\u00e9s \u00e9lectorales avec les enseignantes et enseignants du Canada - CTF-FCE","robots":{"index":"index","follow":"follow","max-snippet":"max-snippet:-1","max-image-preview":"max-image-preview:large","max-video-preview":"max-video-preview:-1"},"canonical":"https:\/\/www.ctf-fce.ca\/fr\/avis-aux-medias-le-chef-du-npd-jagmeet-singh-parlera-de-ses-priorites-electorales-avec-les-enseignantes-et-enseignants-du-canada\/","og_locale":"fr_FR","og_type":"article","og_title":"Avis aux m\u00e9dias : le chef du NPD Jagmeet Singh parlera de ses priorit\u00e9s \u00e9lectorales avec les enseignantes et enseignants du Canada - CTF-FCE","og_description":"Le 8 juillet 2019&nbsp;\u2014 En pr\u00e9vision des \u00e9lections f\u00e9d\u00e9rales de 2019, la F\u00e9d\u00e9ration canadienne des enseignantes et des enseignants (FCE\/CTF) accueillera le chef du NPD Jagmeet Singh \u00e0 son Assembl\u00e9e g\u00e9n\u00e9rale annuelle (AGA) pour discuter de certaines des questions les plus pressantes auxquelles sont confront\u00e9es la population canadienne et la profession enseignante du Canada. Anim\u00e9e [&hellip;]","og_url":"https:\/\/www.ctf-fce.ca\/fr\/avis-aux-medias-le-chef-du-npd-jagmeet-singh-parlera-de-ses-priorites-electorales-avec-les-enseignantes-et-enseignants-du-canada\/","og_site_name":"CTF-FCE","article_publisher":"https:\/\/www.facebook.com\/CTF.FCE\/","article_published_time":"2019-07-08T22:30:31+00:00","article_modified_time":"2020-09-22T20:39:56+00:00","og_image":[{"width":2560,"height":1707,"url":"https:\/\/www.ctf-fce.ca\/wp-content\/uploads\/2019\/07\/AGM2019-Day2_Jagmeet-Singh-13-scaled.jpg","type":"image\/jpeg"}],"author":"contact@keshocommunications.ca","twitter_card":"summary_large_image","twitter_creator":"@CTFFCE","twitter_site":"@CTFFCE","twitter_misc":{"\u00c9crit par":"contact@keshocommunications.ca","Dur\u00e9e de lecture estim\u00e9e":"2 minutes"},"schema":{"@context":"https:\/\/schema.org","@graph":[{"@type":"Article","@id":"https:\/\/www.ctf-fce.ca\/fr\/avis-aux-medias-le-chef-du-npd-jagmeet-singh-parlera-de-ses-priorites-electorales-avec-les-enseignantes-et-enseignants-du-canada\/#article","isPartOf":{"@id":"https:\/\/www.ctf-fce.ca\/fr\/avis-aux-medias-le-chef-du-npd-jagmeet-singh-parlera-de-ses-priorites-electorales-avec-les-enseignantes-et-enseignants-du-canada\/"},"author":{"name":"contact@keshocommunications.ca","@id":"https:\/\/www.ctf-fce.ca\/fr\/#\/schema\/person\/75dcd67a4d012ca69e1c15d4ea0032d2"},"headline":"Avis aux m\u00e9dias : le chef du NPD Jagmeet Singh parlera de ses priorit\u00e9s \u00e9lectorales avec les enseignantes et enseignants du Canada","datePublished":"2019-07-08T22:30:31+00:00","dateModified":"2020-09-22T20:39:56+00:00","mainEntityOfPage":{"@id":"https:\/\/www.ctf-fce.ca\/fr\/avis-aux-medias-le-chef-du-npd-jagmeet-singh-parlera-de-ses-priorites-electorales-avec-les-enseignantes-et-enseignants-du-canada\/"},"wordCount":494,"publisher":{"@id":"https:\/\/www.ctf-fce.ca\/fr\/#organization"},"image":{"@id":"https:\/\/www.ctf-fce.ca\/fr\/avis-aux-medias-le-chef-du-npd-jagmeet-singh-parlera-de-ses-priorites-electorales-avec-les-enseignantes-et-enseignants-du-canada\/#primaryimage"},"thumbnailUrl":"https:\/\/www.ctf-fce.ca\/wp-content\/uploads\/2019\/07\/AGM2019-Day2_Jagmeet-Singh-13-scaled.jpg","articleSection":["Action politique","\u00c9ducation publique","\u00c9lection"],"inLanguage":"fr-FR"},{"@type":"WebPage","@id":"https:\/\/www.ctf-fce.ca\/fr\/avis-aux-medias-le-chef-du-npd-jagmeet-singh-parlera-de-ses-priorites-electorales-avec-les-enseignantes-et-enseignants-du-canada\/","url":"https:\/\/www.ctf-fce.ca\/fr\/avis-aux-medias-le-chef-du-npd-jagmeet-singh-parlera-de-ses-priorites-electorales-avec-les-enseignantes-et-enseignants-du-canada\/","name":"Avis aux m\u00e9dias : le chef du NPD Jagmeet Singh parlera de ses priorit\u00e9s \u00e9lectorales avec les enseignantes et enseignants du Canada - CTF-FCE","isPartOf":{"@id":"https:\/\/www.ctf-fce.ca\/fr\/#website"},"primaryImageOfPage":{"@id":"https:\/\/www.ctf-fce.ca\/fr\/avis-aux-medias-le-chef-du-npd-jagmeet-singh-parlera-de-ses-priorites-electorales-avec-les-enseignantes-et-enseignants-du-canada\/#primaryimage"},"image":{"@id":"https:\/\/www.ctf-fce.ca\/fr\/avis-aux-medias-le-chef-du-npd-jagmeet-singh-parlera-de-ses-priorites-electorales-avec-les-enseignantes-et-enseignants-du-canada\/#primaryimage"},"thumbnailUrl":"https:\/\/www.ctf-fce.ca\/wp-content\/uploads\/2019\/07\/AGM2019-Day2_Jagmeet-Singh-13-scaled.jpg","datePublished":"2019-07-08T22:30:31+00:00","dateModified":"2020-09-22T20:39:56+00:00","breadcrumb":{"@id":"https:\/\/www.ctf-fce.ca\/fr\/avis-aux-medias-le-chef-du-npd-jagmeet-singh-parlera-de-ses-priorites-electorales-avec-les-enseignantes-et-enseignants-du-canada\/#breadcrumb"},"inLanguage":"fr-FR","potentialAction":[{"@type":"ReadAction","target":["https:\/\/www.ctf-fce.ca\/fr\/avis-aux-medias-le-chef-du-npd-jagmeet-singh-parlera-de-ses-priorites-electorales-avec-les-enseignantes-et-enseignants-du-canada\/"]}]},{"@type":"ImageObject","inLanguage":"fr-FR","@id":"https:\/\/www.ctf-fce.ca\/fr\/avis-aux-medias-le-chef-du-npd-jagmeet-singh-parlera-de-ses-priorites-electorales-avec-les-enseignantes-et-enseignants-du-canada\/#primaryimage","url":"https:\/\/www.ctf-fce.ca\/wp-content\/uploads\/2019\/07\/AGM2019-Day2_Jagmeet-Singh-13-scaled.jpg","contentUrl":"https:\/\/www.ctf-fce.ca\/wp-content\/uploads\/2019\/07\/AGM2019-Day2_Jagmeet-Singh-13-scaled.jpg","width":2560,"height":1707},{"@type":"BreadcrumbList","@id":"https:\/\/www.ctf-fce.ca\/fr\/avis-aux-medias-le-chef-du-npd-jagmeet-singh-parlera-de-ses-priorites-electorales-avec-les-enseignantes-et-enseignants-du-canada\/#breadcrumb","itemListElement":[{"@type":"ListItem","position":1,"name":"Accueil","item":"https:\/\/www.ctf-fce.ca\/fr\/"},{"@type":"ListItem","position":2,"name":"Avis aux m\u00e9dias : le chef du NPD Jagmeet Singh parlera de ses priorit\u00e9s \u00e9lectorales avec les enseignantes et enseignants du Canada"}]},{"@type":"WebSite","@id":"https:\/\/www.ctf-fce.ca\/fr\/#website","url":"https:\/\/www.ctf-fce.ca\/fr\/","name":"CTF-FCE","description":"","publisher":{"@id":"https:\/\/www.ctf-fce.ca\/fr\/#organization"},"potentialAction":[{"@type":"SearchAction","target":{"@type":"EntryPoint","urlTemplate":"https:\/\/www.ctf-fce.ca\/fr\/?s={search_term_string}"},"query-input":{"@type":"PropertyValueSpecification","valueRequired":true,"valueName":"search_term_string"}}],"inLanguage":"fr-FR"},{"@type":"Organization","@id":"https:\/\/www.ctf-fce.ca\/fr\/#organization","name":"CTF-FCE","url":"https:\/\/www.ctf-fce.ca\/fr\/","logo":{"@type":"ImageObject","inLanguage":"fr-FR","@id":"https:\/\/www.ctf-fce.ca\/fr\/#\/schema\/logo\/image\/","url":"https:\/\/www.ctf-fce.ca\/wp-content\/uploads\/2020\/01\/ctf-fce-logo@2x.png","contentUrl":"https:\/\/www.ctf-fce.ca\/wp-content\/uploads\/2020\/01\/ctf-fce-logo@2x.png","width":485,"height":146,"caption":"CTF-FCE"},"image":{"@id":"https:\/\/www.ctf-fce.ca\/fr\/#\/schema\/logo\/image\/"},"sameAs":["https:\/\/www.facebook.com\/CTF.FCE\/","https:\/\/x.com\/CTFFCE","https:\/\/www.instagram.com\/ctffce\/","https:\/\/www.linkedin.com\/company\/canadian-teachers'\u200b-federation---f\u00e9d.-canadienne-des-enseignantes-et-des-enseignants\/","https:\/\/www.youtube.com\/user\/canadianteachers"]},{"@type":"Person","@id":"https:\/\/www.ctf-fce.ca\/fr\/#\/schema\/person\/75dcd67a4d012ca69e1c15d4ea0032d2","name":"contact@keshocommunications.ca"}]}},"author_meta":{"display_name":"contact@keshocommunications.ca","author_link":"https:\/\/www.ctf-fce.ca\/fr\/author\/contactkeshocommunications-ca\/"},"featured_img":"https:\/\/www.ctf-fce.ca\/wp-content\/uploads\/2019\/07\/AGM2019-Day2_Jagmeet-Singh-13-300x200.jpg","coauthors":[],"tax_additional":{"categories":{"linked":["<a href=\"https:\/\/www.ctf-fce.ca\/fr\/categorie\/action-politique\/\" class=\"advgb-post-tax-term\">Action politique<\/a>","<a href=\"https:\/\/www.ctf-fce.ca\/fr\/categorie\/education-publique\/\" class=\"advgb-post-tax-term\">\u00c9ducation publique<\/a>","<a href=\"https:\/\/www.ctf-fce.ca\/fr\/categorie\/election-fr\/\" class=\"advgb-post-tax-term\">\u00c9lection<\/a>"],"unlinked":["<span class=\"advgb-post-tax-term\">Action politique<\/span>","<span class=\"advgb-post-tax-term\">\u00c9ducation publique<\/span>","<span class=\"advgb-post-tax-term\">\u00c9lection<\/span>"]}},"comment_count":"0","relative_dates":{"created":"Publi\u00e9 7 ans il y a","modified":"Mis \u00e0 jour 6 ans il y a"},"absolute_dates":{"created":"Publi\u00e9 le 8 juillet 2019","modified":"Mise \u00e0 jour le 22 septembre 2020"},"absolute_dates_time":{"created":"Publi\u00e9 le 8 juillet 2019 18h30","modified":"Mise \u00e0 jour le 22 septembre 2020 16h39"},"featured_img_caption":"","series_order":"","_links":{"self":[{"href":"https:\/\/www.ctf-fce.ca\/fr\/wp-json\/wp\/v2\/posts\/4502","targetHints":{"allow":["GET"]}}],"collection":[{"href":"https:\/\/www.ctf-fce.ca\/fr\/wp-json\/wp\/v2\/posts"}],"about":[{"href":"https:\/\/www.ctf-fce.ca\/fr\/wp-json\/wp\/v2\/types\/post"}],"author":[{"embeddable":true,"href":"https:\/\/www.ctf-fce.ca\/fr\/wp-json\/wp\/v2\/users\/1"}],"replies":[{"embeddable":true,"href":"https:\/\/www.ctf-fce.ca\/fr\/wp-json\/wp\/v2\/comments?post=4502"}],"version-history":[{"count":0,"href":"https:\/\/www.ctf-fce.ca\/fr\/wp-json\/wp\/v2\/posts\/4502\/revisions"}],"wp:featuredmedia":[{"embeddable":true,"href":"https:\/\/www.ctf-fce.ca\/fr\/wp-json\/wp\/v2\/media\/4617"}],"wp:attachment":[{"href":"https:\/\/www.ctf-fce.ca\/fr\/wp-json\/wp\/v2\/media?parent=4502"}],"wp:term":[{"taxonomy":"category","embeddable":true,"href":"https:\/\/www.ctf-fce.ca\/fr\/wp-json\/wp\/v2\/categories?post=4502"},{"taxonomy":"post_tag","embeddable":true,"href":"https:\/\/www.ctf-fce.ca\/fr\/wp-json\/wp\/v2\/tags?post=4502"}],"curies":[{"name":"wp","href":"https:\/\/api.w.org\/{rel}","templated":true}]}}