{"id":6644,"date":"2021-07-21T06:00:00","date_gmt":"2021-07-21T10:00:00","guid":{"rendered":"https:\/\/www.ctf-fce.ca\/?p=6644"},"modified":"2021-07-21T09:26:40","modified_gmt":"2021-07-21T13:26:40","slug":"four-leaders-in-canadian-education-excellence-recognized-at-the-ctf-fce-agm","status":"publish","type":"post","link":"https:\/\/www.ctf-fce.ca\/fr\/four-leaders-in-canadian-education-excellence-recognized-at-the-ctf-fce-agm\/","title":{"rendered":"Quatre porte-paroles du milieu de l\u2019\u00e9ducation honor\u00e9s pour leur excellence en \u00e9ducation \u00e0 l\u2019AGA de la CTF\/FCE"},"content":{"rendered":"\n<p>Ottawa&nbsp;\u2014 La F\u00e9d\u00e9ration canadienne des enseignantes et des enseignants (CTF\/FCE) a c\u00e9l\u00e9br\u00e9 les r\u00e9alisations de trois \u00e9ducatrices et d\u2019un \u00e9ducateur exceptionnels pendant son Assembl\u00e9e g\u00e9n\u00e9rale annuelle. Il y a d\u00e9j\u00e0 de nombreuses ann\u00e9es que la CTF\/FCE s\u2019est donn\u00e9 les moyens de r\u00e9compenser tous les ans les contributions particuli\u00e8rement remarquables \u00e0 la profession enseignante et \u00e0 l\u2019\u00e9ducation publique financ\u00e9e par l\u2019\u00c9tat.<\/p>\n\n\n\n<h2 class=\"wp-block-heading\">Reconnaissance de la contribution d\u2019un \u00e9ducateur ou d\u2019une \u00e9ducatrice autochtone exceptionnel<\/h2>\n\n\n\n<p>Hommage rendu \u00e0 un enseignant ou une enseignante qui a fait preuve de leadership en \u00e9ducation autochtone et d\u2019excellence dans son enseignement adapt\u00e9 \u00e0 la culture autochtone.<\/p>\n\n\n\n<div class=\"wp-block-media-text alignwide is-stacked-on-mobile is-vertically-aligned-top no-margin-bottom\" style=\"grid-template-columns:25% auto\"><figure class=\"wp-block-media-text__media\"><img loading=\"lazy\" decoding=\"async\" width=\"600\" height=\"800\" src=\"https:\/\/www.ctf-fce.ca\/wp-content\/uploads\/2021\/07\/pat-joe.jpg\" alt=\"\" class=\"wp-image-6665 size-full\" srcset=\"https:\/\/www.ctf-fce.ca\/wp-content\/uploads\/2021\/07\/pat-joe.jpg 600w, https:\/\/www.ctf-fce.ca\/wp-content\/uploads\/2021\/07\/pat-joe-225x300.jpg 225w, https:\/\/www.ctf-fce.ca\/wp-content\/uploads\/2021\/07\/pat-joe-300x400.jpg 300w\" sizes=\"auto, (max-width: 600px) 100vw, 600px\" \/><\/figure><div class=\"wp-block-media-text__content\">\n<h3 class=\"wp-block-heading\">Patricia Joe<\/h3>\n\n\n\n<p>Mise en candidature par l\u2019Association des enseignants et des enseignantes du Yukon (AEY)<\/p>\n\n\n\n<p>Issue du clan Dak\u2019laweide (\u00e9paulard et loup) de la Premi\u00e8re Nation des Tagish, Pat&nbsp;Joe est aussi une fi\u00e8re citoyenne de la Premi\u00e8re Nation des Kwanlin D\u00fcn.&nbsp;<\/p>\n\n\n\n<p>Enseignante, m\u00e8re, grand-m\u00e8re et gardienne du savoir, elle a toujours d\u00e9fendu avec ardeur sa culture, son histoire, ses croyances et ses valeurs, qu\u2019elle enseigne par la voie des r\u00e9cits. \u00c9mus par la passion avec laquelle Pat Joe int\u00e8gre le savoir des Premi\u00e8res Nations dans toutes les mati\u00e8res qu\u2019elle enseigne, ses coll\u00e8gues et ses \u00e9l\u00e8ves sont nombreux \u00e0 saluer son formidable leadership et ses r\u00e9alisations en \u00e9ducation et en service public. Pat Joe se distingue aussi par une grande connaissance des lois traditionnelles et des principes de bonne gouvernance et de justice sociale des Premi\u00e8res Nations, qui se manifeste dans son travail avec tous les ordres de gouvernement.&nbsp;<\/p>\n\n\n\n<p><\/p>\n<\/div><\/div>\n\n\n\n<p>Elle a jou\u00e9 un r\u00f4le d\u00e9terminant dans de nombreux projets, comme Our Home Magazine, From Trail to Tramway et Canyon City, qui traitent de l\u2019histoire, du territoire et des premiers contacts, contribuant ainsi \u00e0 donner vie \u00e0 l\u2019histoire et \u00e0 la culture des Premi\u00e8res Nations du Yukon. Ces projets ne sont que quelques exemples de ses efforts inlassables pour faire mieux conna\u00eetre les r\u00e9cits traditionnels des Premi\u00e8res Nations et faire progresser l\u2019\u00e9ducation autochtone au Yukon et au Canada. Pat Joe rend hommage aux enseignements de ses grands-p\u00e8res, des a\u00een\u00e9s et des anc\u00eatres.&nbsp;<\/p>\n\n\n\n<p>Ancienne sous-n\u00e9gociatrice en chef et n\u00e9gociatrice en chef des revendications territoriales et de l\u2019autonomie gouvernementale, elle a une longue exp\u00e9rience de la politique et des affaires. Survivante des pensionnats, elle fait partie de la troisi\u00e8me g\u00e9n\u00e9ration d\u2019enfants qui y ont \u00e9t\u00e9 envoy\u00e9s et elle consacre beaucoup d\u2019efforts \u00e0 en faire conna\u00eetre l\u2019h\u00e9ritage et les r\u00e9percussions sur les Premi\u00e8res Nations.<\/p>\n\n\n\n<h2 class=\"wp-block-heading\">Reconnaissance de la contribution d\u2019un a\u00een\u00e9 ou d\u2019une a\u00een\u00e9e autochtone<\/h2>\n\n\n\n<p>Hommage rendu \u00e0 un a\u00een\u00e9 ou une a\u00een\u00e9e autochtone pour sa contribution exceptionnelle \u00e0 l\u2019\u00e9ducation publique au Canada.<\/p>\n\n\n\n<div class=\"wp-block-media-text alignwide has-media-on-the-right is-stacked-on-mobile is-vertically-aligned-top no-margin-bottom\" style=\"grid-template-columns:auto 25%\"><figure class=\"wp-block-media-text__media\"><img loading=\"lazy\" decoding=\"async\" width=\"600\" height=\"800\" src=\"https:\/\/www.ctf-fce.ca\/wp-content\/uploads\/2021\/07\/Gladys-resized.jpg\" alt=\"\" class=\"wp-image-6668 size-full\" srcset=\"https:\/\/www.ctf-fce.ca\/wp-content\/uploads\/2021\/07\/Gladys-resized.jpg 600w, https:\/\/www.ctf-fce.ca\/wp-content\/uploads\/2021\/07\/Gladys-resized-225x300.jpg 225w, https:\/\/www.ctf-fce.ca\/wp-content\/uploads\/2021\/07\/Gladys-resized-300x400.jpg 300w\" sizes=\"auto, (max-width: 600px) 100vw, 600px\" \/><\/figure><div class=\"wp-block-media-text__content\">\n<h3 class=\"wp-block-heading\">Gladys Wapass-Greyeyes&nbsp;<\/h3>\n\n\n\n<p>Mise en candidature par la F\u00e9d\u00e9ration des enseignantes et enseignants de la Saskatchewan (FES)<\/p>\n\n\n\n<p>Apr\u00e8s avoir suivi des cours de p\u00e9dagogie \u00e0 l\u2019universit\u00e9, Gladys Wapass-Greyeyes est devenue enseignante de cri (n\u0113hiyaw) dans des \u00e9coles des Premi\u00e8res Nations, notamment \u00e0 Thunderchild et \u00e0 Muskeg Lake. La FES reconna\u00eet le r\u00f4le crucial que joue la langue dans la transmission et la pr\u00e9servation de la culture, et tient \u00e0 rendre hommage \u00e0 Gladys Wapass-Greyeyes pour son d\u00e9vouement \u00e0 cette cause depuis plus de 30 ans. A\u00een\u00e9e de la communaut\u00e9 de Thunderchild et souvent invit\u00e9e \u00e0 ce titre par des communaut\u00e9s non autochtones de la Saskatchewan, Gladys Wapass-Greyeyes est une enseignante et une conseill\u00e8re respect\u00e9e. Depuis quelques ann\u00e9es, elle con\u00e7oit et diffuse du mat\u00e9riel sur l\u2019histoire et les cultures des Premi\u00e8res Nations \u00e0 l\u2019intention des \u00e9coles saskatchewanaises pour le compte du Bureau du commissaire aux trait\u00e9s de la Saskatchewan. Elle se rend donc r\u00e9guli\u00e8rement dans des \u00e9coles dans le cadre du projet Treaties in the Classroom (enseigner les trait\u00e9s en classe).<\/p>\n\n\n\n<p><\/p>\n<\/div><\/div>\n\n\n\n<p>La FES estime que l\u2019enseignement des trait\u00e9s doit faire partie de l\u2019apprentissage des \u00e9l\u00e8ves de la Saskatchewan et reconna\u00eet donc l\u2019importance capitale des r\u00e9cits et des enseignements des gardiennes et gardiens du savoir comme Gladys Wapass-Greyeyes. Gladys Wapass-Greyeyes continue d\u2019\u00eatre invit\u00e9e par les enseignantes et enseignants, les divisions scolaires, le minist\u00e8re de l\u2019\u00c9ducation et le Bureau du commissaire aux trait\u00e9s \u00e0 prendre la parole et \u00e0 transmettre ses enseignements. Ce faisant, elle aide les \u00e9ducateurs et \u00e9ducatrices de la province \u00e0 faire conna\u00eetre, \u00e0 mettre en valeur et \u00e0 pr\u00e9server l\u2019histoire des peuples autochtones, mais aussi \u00e0 mettre en pratique ces enseignements pour nouer des relations solides.<\/p>\n\n\n\n<h2 class=\"wp-block-heading\">Prix sp\u00e9cial<\/h2>\n\n\n\n<p>Ce prix est remis \u00e0 des personnes qui ont rendu des services m\u00e9ritoires \u00e0 l\u2019\u00e9ducation et \u00e0 la profession enseignante \u00e0 l\u2019\u00e9chelle provinciale et nationale.<\/p>\n\n\n\n<div class=\"wp-block-media-text alignwide is-stacked-on-mobile is-vertically-aligned-top no-margin-bottom\" style=\"grid-template-columns:25% auto\"><figure class=\"wp-block-media-text__media\"><img loading=\"lazy\" decoding=\"async\" width=\"600\" height=\"800\" src=\"https:\/\/www.ctf-fce.ca\/wp-content\/uploads\/2021\/07\/paul.jpg\" alt=\"\" class=\"wp-image-6670 size-full\" srcset=\"https:\/\/www.ctf-fce.ca\/wp-content\/uploads\/2021\/07\/paul.jpg 600w, https:\/\/www.ctf-fce.ca\/wp-content\/uploads\/2021\/07\/paul-225x300.jpg 225w, https:\/\/www.ctf-fce.ca\/wp-content\/uploads\/2021\/07\/paul-300x400.jpg 300w\" sizes=\"auto, (max-width: 600px) 100vw, 600px\" \/><\/figure><div class=\"wp-block-media-text__content\">\n<h3 class=\"wp-block-heading\">Paul Taillefer<\/h3>\n\n\n\n<p>Mis en candidature par l\u2019Association des enseignantes et des enseignants franco-ontariens (AEFO)<\/p>\n\n\n\n<p>Ancien pr\u00e9sident de l\u2019AEFO et de la CTF\/FCE, Paul Taillefer a compl\u00e9t\u00e9 ses \u00e9tudes aux universit\u00e9s Laurentienne et Western avant de commencer \u00e0 enseigner, en 1977, \u00e0 l\u2019\u00e9cole secondaire Th\u00e9riault \u00e0 Timmins, en Ontario.&nbsp;C\u2019est l\u00e0 qu\u2019il commence \u00e0 s\u2019impliquer au sein de l\u2019AEFO, tout d\u2019abord dans son unit\u00e9 locale o\u00f9 il occupe plusieurs postes, notamment celui de pr\u00e9sident du comit\u00e9 de n\u00e9gociation. Paul Taillefer compte une trentaine d\u2019ann\u00e9es d\u2019exp\u00e9rience dans la profession. De 2001 \u00e0 2004, il a occup\u00e9 \u00e0 temps plein le poste de pr\u00e9sident de l\u2019AEFO-Nord-Est catholique dans le nord de l\u2019Ontario. Membre du conseil d\u2019administration de l\u2019AEFO depuis 1998, il si\u00e8ge au comit\u00e9 ex\u00e9cutif provincial pendant neuf ans.<\/p>\n\n\n\n<p><\/p>\n<\/div><\/div>\n\n\n\n<p>En 2004, il est \u00e9lu \u00e0 la pr\u00e9sidence de l\u2019AEFO provinciale jusqu\u2019en 2008. En 2010, il repr\u00e9sente l\u2019AEFO au sein du Bureau de la F\u00e9d\u00e9ration des enseignants de l\u2019Ontario (FEO). Il est aussi vice-pr\u00e9sident de la CTF\/FCE dont il a pr\u00e9sid\u00e9 le comit\u00e9 de fran\u00e7ais langue premi\u00e8re. Il en assumera la pr\u00e9sidence de 2011 \u00e0 2013. Au congr\u00e8s de 2010 de l\u2019AEFO, il s\u2019est vu d\u00e9cerner le titre de \u00ab Membre \u00e0 vie \u00bb. Depuis la fondation de l\u2019AEFO, seulement 15 autres membres de l\u2019AEFO ont re\u00e7u cet honneur. Sur la sc\u00e8ne internationale, il a particip\u00e9 activement au Comit\u00e9 syndical francophone de l\u2019\u00e9ducation et de la formation (CSFEF) et aux activit\u00e9s de l\u2019Internationale de l\u2019\u00c9ducation (IE).<\/p>\n\n\n\n<h2 class=\"wp-block-heading\">Prix de promotion de l\u2019\u00e9ducation publique<\/h2>\n\n\n\n<p>Ce prix salue le service d\u00e9vou\u00e9 d\u2019une personne ou organisation sur une longue p\u00e9riode et son importante contribution \u00e0 l\u2019\u00e9ducation publique financ\u00e9e par l\u2019\u00c9tat.<\/p>\n\n\n\n<div class=\"wp-block-media-text alignwide has-media-on-the-right is-stacked-on-mobile is-vertically-aligned-top no-margin-bottom\" style=\"grid-template-columns:auto 25%\"><figure class=\"wp-block-media-text__media\"><img loading=\"lazy\" decoding=\"async\" width=\"600\" height=\"800\" src=\"https:\/\/www.ctf-fce.ca\/wp-content\/uploads\/2021\/07\/carol.jpg\" alt=\"\" class=\"wp-image-6672 size-full\" srcset=\"https:\/\/www.ctf-fce.ca\/wp-content\/uploads\/2021\/07\/carol.jpg 600w, https:\/\/www.ctf-fce.ca\/wp-content\/uploads\/2021\/07\/carol-225x300.jpg 225w, https:\/\/www.ctf-fce.ca\/wp-content\/uploads\/2021\/07\/carol-300x400.jpg 300w\" sizes=\"auto, (max-width: 600px) 100vw, 600px\" \/><\/figure><div class=\"wp-block-media-text__content\">\n<h3 class=\"wp-block-heading\">Carol Campbell, Ph. D.<\/h3>\n\n\n\n<p>Mise en candidature par l\u2019Ontario English Catholic Teachers\u2019 Association (OECTA)<\/p>\n\n\n\n<p>Carol Campbell, Ph. D., a consacr\u00e9 toute sa carri\u00e8re \u00e0 la recherche ainsi qu\u2019\u00e0 l\u2019\u00e9laboration de politiques et de pratiques pour une \u00e9ducation de haute qualit\u00e9 financ\u00e9e par l\u2019\u00c9tat.<\/p>\n\n\n\n<p>De 2005 \u00e0 2010, elle a \u00e9t\u00e9 administratrice en chef du Secr\u00e9tariat de la litt\u00e9ratie et de la num\u00e9ratie du minist\u00e8re de l\u2019\u00c9ducation de l\u2019Ontario. Elle a ensuite inaugur\u00e9 le poste de directrice g\u00e9n\u00e9rale de la recherche au minist\u00e8re de l\u2019\u00c9ducation, avant d\u2019y fonder et d\u2019y diriger la Direction de la strat\u00e9gie de recherche et d\u2019\u00e9valuation en \u00e9ducation.&nbsp;<\/p>\n\n\n\n<p>Professeure agr\u00e9g\u00e9e, elle enseigne actuellement le leadership et le changement en \u00e9ducation \u00e0 l\u2019Institut d\u2019\u00e9tudes p\u00e9dagogiques de l\u2019Ontario de l\u2019Universit\u00e9 de Toronto. Elle est \u00e9galement directrice du R\u00e9seau d\u2019\u00e9change des connaissances pour la recherche appliqu\u00e9e en \u00e9ducation, un partenariat tripartite entre le minist\u00e8re de l\u2019\u00c9ducation de l\u2019Ontario, l\u2019Universit\u00e9 de Toronto et l\u2019Universit\u00e9 Western dont le but est d\u2019encourager la recherche sur les m\u00e9thodes p\u00e9dagogiques et la mise en pratique des r\u00e9sultats en Ontario.<\/p>\n\n\n\n<p><\/p>\n<\/div><\/div>\n\n\n\n<p>Carol Campbell a fait partie de l\u2019\u00e9quipe de recherche qui a travaill\u00e9 au Programme d\u2019apprentissage et de leadership du personnel enseignant, largement ax\u00e9 sur le perfectionnement professionnel autodirig\u00e9. Elle a pr\u00e9sent\u00e9 les r\u00e9sultats de ces travaux \u00e0 l\u2019\u00e9tranger, notamment \u00e0 l\u2019assembl\u00e9e annuelle de l\u2019American Education Research Association. Elle a en outre dirig\u00e9 l\u2019examen critique des tests standardis\u00e9s de l\u2019Office de la qualit\u00e9 et de la responsabilit\u00e9 en \u00e9ducation utilis\u00e9s en Ontario et d\u2019autres m\u00e9thodes d\u2019\u00e9valuation. Syst\u00e9matiquement, les r\u00e9sultats t\u00e9moignaient de la sup\u00e9riorit\u00e9 des donn\u00e9es d\u2019\u00e9valuation des enseignantes et enseignants par opposition \u00e0 celles des m\u00e9thodes d\u2019\u00e9valuation \u00e0 grande \u00e9chelle.<\/p>\n\n\n\n<h2 class=\"wp-block-heading\">La F\u00e9d\u00e9ration canadienne des enseignantes et des enseignants<\/h2>\n\n\n\n<p>Fond\u00e9e en 1920, la F\u00e9d\u00e9ration canadienne des enseignantes et des enseignants est la voix nationale de la profession enseignante. Alliance nationale d\u2019organisations provinciales et territoriales de l\u2019enseignement, la CTF\/FCE repr\u00e9sente plus de 300&nbsp;000 enseignantes et enseignants des \u00e9coles \u00e9l\u00e9mentaires et secondaires au Canada.<\/p>\n\n\n\n<h3 class=\"wp-block-heading\">Contact avec les m\u00e9dias<\/h3>\n\n\n\n<p>Andrew King<br>F\u00e9d\u00e9ration canadienne des enseignantes et des enseignants (CTF\/FCE)<br><a href=\"https:\/\/www.ctf-fce.ca\/fr\/qui-nous-sommes\/contactez-nous\/?recipient=aking&amp;recipient_name=Andrew%20King&amp;recipient_exist=true\">Contact<\/a><br><strong>Cellulaire&nbsp;: <\/strong>819-213-7847&nbsp;<\/p>\n","protected":false},"excerpt":{"rendered":"<p>Ottawa\u00a0\u2014 La F\u00e9d\u00e9ration canadienne des enseignantes et des enseignants (CTF\/FCE) a c\u00e9l\u00e9br\u00e9 les r\u00e9alisations de trois \u00e9ducatrices et d\u2019un \u00e9ducateur exceptionnels pendant son Assembl\u00e9e g\u00e9n\u00e9rale annuelle.<\/p>\n","protected":false},"author":1,"featured_media":6320,"comment_status":"closed","ping_status":"closed","sticky":false,"template":"","format":"standard","meta":{"_acf_changed":false,"advgb_blocks_editor_width":"","advgb_blocks_columns_visual_guide":"","footnotes":""},"categories":[570],"tags":[],"class_list":["post-6644","post","type-post","status-publish","format-standard","has-post-thumbnail","hentry","category-education-publique"],"acf":[],"yoast_head":"<!-- This site is optimized with the Yoast SEO plugin v27.4 - https:\/\/yoast.com\/product\/yoast-seo-wordpress\/ -->\n<title>Quatre porte-paroles du milieu de l\u2019\u00e9ducation honor\u00e9s pour leur excellence en \u00e9ducation \u00e0 l\u2019AGA de la CTF\/FCE - CTF-FCE<\/title>\n<meta name=\"robots\" content=\"index, follow, max-snippet:-1, max-image-preview:large, max-video-preview:-1\" \/>\n<link rel=\"canonical\" href=\"https:\/\/www.ctf-fce.ca\/fr\/four-leaders-in-canadian-education-excellence-recognized-at-the-ctf-fce-agm\/\" \/>\n<meta property=\"og:locale\" content=\"fr_FR\" \/>\n<meta property=\"og:type\" content=\"article\" \/>\n<meta property=\"og:title\" content=\"Quatre porte-paroles du milieu de l\u2019\u00e9ducation honor\u00e9s pour leur excellence en \u00e9ducation \u00e0 l\u2019AGA de la CTF\/FCE - CTF-FCE\" \/>\n<meta property=\"og:description\" content=\"Ottawa\u00a0\u2014 La F\u00e9d\u00e9ration canadienne des enseignantes et des enseignants (CTF\/FCE) a c\u00e9l\u00e9br\u00e9 les r\u00e9alisations de trois \u00e9ducatrices et d\u2019un \u00e9ducateur exceptionnels pendant son Assembl\u00e9e g\u00e9n\u00e9rale annuelle.\" \/>\n<meta property=\"og:url\" content=\"https:\/\/www.ctf-fce.ca\/fr\/four-leaders-in-canadian-education-excellence-recognized-at-the-ctf-fce-agm\/\" \/>\n<meta property=\"og:site_name\" content=\"CTF-FCE\" \/>\n<meta property=\"article:publisher\" content=\"https:\/\/www.facebook.com\/CTF.FCE\/\" \/>\n<meta property=\"article:published_time\" content=\"2021-07-21T10:00:00+00:00\" \/>\n<meta property=\"article:modified_time\" content=\"2021-07-21T13:26:40+00:00\" \/>\n<meta property=\"og:image\" content=\"https:\/\/www.ctf-fce.ca\/wp-content\/uploads\/2021\/05\/All-schools-must-be-safe-havens-2.jpg\" \/>\n\t<meta property=\"og:image:width\" content=\"1060\" \/>\n\t<meta property=\"og:image:height\" content=\"707\" \/>\n\t<meta property=\"og:image:type\" content=\"image\/jpeg\" \/>\n<meta name=\"author\" content=\"contact@keshocommunications.ca\" \/>\n<meta name=\"twitter:card\" content=\"summary_large_image\" \/>\n<meta name=\"twitter:creator\" content=\"@CTFFCE\" \/>\n<meta name=\"twitter:site\" content=\"@CTFFCE\" \/>\n<meta name=\"twitter:label1\" content=\"\u00c9crit par\" \/>\n\t<meta name=\"twitter:data1\" content=\"contact@keshocommunications.ca\" \/>\n\t<meta name=\"twitter:label2\" content=\"Dur\u00e9e de lecture estim\u00e9e\" \/>\n\t<meta name=\"twitter:data2\" content=\"7 minutes\" \/>\n<script type=\"application\/ld+json\" class=\"yoast-schema-graph\">{\"@context\":\"https:\\\/\\\/schema.org\",\"@graph\":[{\"@type\":\"Article\",\"@id\":\"https:\\\/\\\/www.ctf-fce.ca\\\/fr\\\/four-leaders-in-canadian-education-excellence-recognized-at-the-ctf-fce-agm\\\/#article\",\"isPartOf\":{\"@id\":\"https:\\\/\\\/www.ctf-fce.ca\\\/fr\\\/four-leaders-in-canadian-education-excellence-recognized-at-the-ctf-fce-agm\\\/\"},\"author\":{\"name\":\"contact@keshocommunications.ca\",\"@id\":\"https:\\\/\\\/www.ctf-fce.ca\\\/fr\\\/#\\\/schema\\\/person\\\/75dcd67a4d012ca69e1c15d4ea0032d2\"},\"headline\":\"Quatre porte-paroles du milieu de l\u2019\u00e9ducation honor\u00e9s pour leur excellence en \u00e9ducation \u00e0 l\u2019AGA de la CTF\\\/FCE\",\"datePublished\":\"2021-07-21T10:00:00+00:00\",\"dateModified\":\"2021-07-21T13:26:40+00:00\",\"mainEntityOfPage\":{\"@id\":\"https:\\\/\\\/www.ctf-fce.ca\\\/fr\\\/four-leaders-in-canadian-education-excellence-recognized-at-the-ctf-fce-agm\\\/\"},\"wordCount\":1567,\"publisher\":{\"@id\":\"https:\\\/\\\/www.ctf-fce.ca\\\/fr\\\/#organization\"},\"image\":{\"@id\":\"https:\\\/\\\/www.ctf-fce.ca\\\/fr\\\/four-leaders-in-canadian-education-excellence-recognized-at-the-ctf-fce-agm\\\/#primaryimage\"},\"thumbnailUrl\":\"https:\\\/\\\/www.ctf-fce.ca\\\/wp-content\\\/uploads\\\/2021\\\/05\\\/All-schools-must-be-safe-havens-2.jpg\",\"articleSection\":[\"\u00c9ducation publique\"],\"inLanguage\":\"fr-FR\"},{\"@type\":\"WebPage\",\"@id\":\"https:\\\/\\\/www.ctf-fce.ca\\\/fr\\\/four-leaders-in-canadian-education-excellence-recognized-at-the-ctf-fce-agm\\\/\",\"url\":\"https:\\\/\\\/www.ctf-fce.ca\\\/fr\\\/four-leaders-in-canadian-education-excellence-recognized-at-the-ctf-fce-agm\\\/\",\"name\":\"Quatre porte-paroles du milieu de l\u2019\u00e9ducation honor\u00e9s pour leur excellence en \u00e9ducation \u00e0 l\u2019AGA de la CTF\\\/FCE - CTF-FCE\",\"isPartOf\":{\"@id\":\"https:\\\/\\\/www.ctf-fce.ca\\\/fr\\\/#website\"},\"primaryImageOfPage\":{\"@id\":\"https:\\\/\\\/www.ctf-fce.ca\\\/fr\\\/four-leaders-in-canadian-education-excellence-recognized-at-the-ctf-fce-agm\\\/#primaryimage\"},\"image\":{\"@id\":\"https:\\\/\\\/www.ctf-fce.ca\\\/fr\\\/four-leaders-in-canadian-education-excellence-recognized-at-the-ctf-fce-agm\\\/#primaryimage\"},\"thumbnailUrl\":\"https:\\\/\\\/www.ctf-fce.ca\\\/wp-content\\\/uploads\\\/2021\\\/05\\\/All-schools-must-be-safe-havens-2.jpg\",\"datePublished\":\"2021-07-21T10:00:00+00:00\",\"dateModified\":\"2021-07-21T13:26:40+00:00\",\"breadcrumb\":{\"@id\":\"https:\\\/\\\/www.ctf-fce.ca\\\/fr\\\/four-leaders-in-canadian-education-excellence-recognized-at-the-ctf-fce-agm\\\/#breadcrumb\"},\"inLanguage\":\"fr-FR\",\"potentialAction\":[{\"@type\":\"ReadAction\",\"target\":[\"https:\\\/\\\/www.ctf-fce.ca\\\/fr\\\/four-leaders-in-canadian-education-excellence-recognized-at-the-ctf-fce-agm\\\/\"]}]},{\"@type\":\"ImageObject\",\"inLanguage\":\"fr-FR\",\"@id\":\"https:\\\/\\\/www.ctf-fce.ca\\\/fr\\\/four-leaders-in-canadian-education-excellence-recognized-at-the-ctf-fce-agm\\\/#primaryimage\",\"url\":\"https:\\\/\\\/www.ctf-fce.ca\\\/wp-content\\\/uploads\\\/2021\\\/05\\\/All-schools-must-be-safe-havens-2.jpg\",\"contentUrl\":\"https:\\\/\\\/www.ctf-fce.ca\\\/wp-content\\\/uploads\\\/2021\\\/05\\\/All-schools-must-be-safe-havens-2.jpg\",\"width\":1060,\"height\":707},{\"@type\":\"BreadcrumbList\",\"@id\":\"https:\\\/\\\/www.ctf-fce.ca\\\/fr\\\/four-leaders-in-canadian-education-excellence-recognized-at-the-ctf-fce-agm\\\/#breadcrumb\",\"itemListElement\":[{\"@type\":\"ListItem\",\"position\":1,\"name\":\"Accueil\",\"item\":\"https:\\\/\\\/www.ctf-fce.ca\\\/fr\\\/home\\\/\"},{\"@type\":\"ListItem\",\"position\":2,\"name\":\"Quatre porte-paroles du milieu de l\u2019\u00e9ducation honor\u00e9s pour leur excellence en \u00e9ducation \u00e0 l\u2019AGA de la CTF\\\/FCE\"}]},{\"@type\":\"WebSite\",\"@id\":\"https:\\\/\\\/www.ctf-fce.ca\\\/fr\\\/#website\",\"url\":\"https:\\\/\\\/www.ctf-fce.ca\\\/fr\\\/\",\"name\":\"CTF-FCE\",\"description\":\"\",\"publisher\":{\"@id\":\"https:\\\/\\\/www.ctf-fce.ca\\\/fr\\\/#organization\"},\"potentialAction\":[{\"@type\":\"SearchAction\",\"target\":{\"@type\":\"EntryPoint\",\"urlTemplate\":\"https:\\\/\\\/www.ctf-fce.ca\\\/fr\\\/?s={search_term_string}\"},\"query-input\":{\"@type\":\"PropertyValueSpecification\",\"valueRequired\":true,\"valueName\":\"search_term_string\"}}],\"inLanguage\":\"fr-FR\"},{\"@type\":\"Organization\",\"@id\":\"https:\\\/\\\/www.ctf-fce.ca\\\/fr\\\/#organization\",\"name\":\"CTF-FCE\",\"url\":\"https:\\\/\\\/www.ctf-fce.ca\\\/fr\\\/\",\"logo\":{\"@type\":\"ImageObject\",\"inLanguage\":\"fr-FR\",\"@id\":\"https:\\\/\\\/www.ctf-fce.ca\\\/fr\\\/#\\\/schema\\\/logo\\\/image\\\/\",\"url\":\"https:\\\/\\\/www.ctf-fce.ca\\\/wp-content\\\/uploads\\\/2020\\\/01\\\/ctf-fce-logo@2x.png\",\"contentUrl\":\"https:\\\/\\\/www.ctf-fce.ca\\\/wp-content\\\/uploads\\\/2020\\\/01\\\/ctf-fce-logo@2x.png\",\"width\":485,\"height\":146,\"caption\":\"CTF-FCE\"},\"image\":{\"@id\":\"https:\\\/\\\/www.ctf-fce.ca\\\/fr\\\/#\\\/schema\\\/logo\\\/image\\\/\"},\"sameAs\":[\"https:\\\/\\\/www.facebook.com\\\/CTF.FCE\\\/\",\"https:\\\/\\\/x.com\\\/CTFFCE\",\"https:\\\/\\\/www.instagram.com\\\/ctffce\\\/\",\"https:\\\/\\\/www.linkedin.com\\\/company\\\/canadian-teachers'\u200b-federation---f\u00e9d.-canadienne-des-enseignantes-et-des-enseignants\\\/\",\"https:\\\/\\\/www.youtube.com\\\/user\\\/canadianteachers\"]},{\"@type\":\"Person\",\"@id\":\"https:\\\/\\\/www.ctf-fce.ca\\\/fr\\\/#\\\/schema\\\/person\\\/75dcd67a4d012ca69e1c15d4ea0032d2\",\"name\":\"contact@keshocommunications.ca\"}]}<\/script>\n<!-- \/ Yoast SEO plugin. -->","yoast_head_json":{"title":"Quatre porte-paroles du milieu de l\u2019\u00e9ducation honor\u00e9s pour leur excellence en \u00e9ducation \u00e0 l\u2019AGA de la CTF\/FCE - CTF-FCE","robots":{"index":"index","follow":"follow","max-snippet":"max-snippet:-1","max-image-preview":"max-image-preview:large","max-video-preview":"max-video-preview:-1"},"canonical":"https:\/\/www.ctf-fce.ca\/fr\/four-leaders-in-canadian-education-excellence-recognized-at-the-ctf-fce-agm\/","og_locale":"fr_FR","og_type":"article","og_title":"Quatre porte-paroles du milieu de l\u2019\u00e9ducation honor\u00e9s pour leur excellence en \u00e9ducation \u00e0 l\u2019AGA de la CTF\/FCE - CTF-FCE","og_description":"Ottawa\u00a0\u2014 La F\u00e9d\u00e9ration canadienne des enseignantes et des enseignants (CTF\/FCE) a c\u00e9l\u00e9br\u00e9 les r\u00e9alisations de trois \u00e9ducatrices et d\u2019un \u00e9ducateur exceptionnels pendant son Assembl\u00e9e g\u00e9n\u00e9rale annuelle.","og_url":"https:\/\/www.ctf-fce.ca\/fr\/four-leaders-in-canadian-education-excellence-recognized-at-the-ctf-fce-agm\/","og_site_name":"CTF-FCE","article_publisher":"https:\/\/www.facebook.com\/CTF.FCE\/","article_published_time":"2021-07-21T10:00:00+00:00","article_modified_time":"2021-07-21T13:26:40+00:00","og_image":[{"width":1060,"height":707,"url":"https:\/\/www.ctf-fce.ca\/wp-content\/uploads\/2021\/05\/All-schools-must-be-safe-havens-2.jpg","type":"image\/jpeg"}],"author":"contact@keshocommunications.ca","twitter_card":"summary_large_image","twitter_creator":"@CTFFCE","twitter_site":"@CTFFCE","twitter_misc":{"\u00c9crit par":"contact@keshocommunications.ca","Dur\u00e9e de lecture estim\u00e9e":"7 minutes"},"schema":{"@context":"https:\/\/schema.org","@graph":[{"@type":"Article","@id":"https:\/\/www.ctf-fce.ca\/fr\/four-leaders-in-canadian-education-excellence-recognized-at-the-ctf-fce-agm\/#article","isPartOf":{"@id":"https:\/\/www.ctf-fce.ca\/fr\/four-leaders-in-canadian-education-excellence-recognized-at-the-ctf-fce-agm\/"},"author":{"name":"contact@keshocommunications.ca","@id":"https:\/\/www.ctf-fce.ca\/fr\/#\/schema\/person\/75dcd67a4d012ca69e1c15d4ea0032d2"},"headline":"Quatre porte-paroles du milieu de l\u2019\u00e9ducation honor\u00e9s pour leur excellence en \u00e9ducation \u00e0 l\u2019AGA de la CTF\/FCE","datePublished":"2021-07-21T10:00:00+00:00","dateModified":"2021-07-21T13:26:40+00:00","mainEntityOfPage":{"@id":"https:\/\/www.ctf-fce.ca\/fr\/four-leaders-in-canadian-education-excellence-recognized-at-the-ctf-fce-agm\/"},"wordCount":1567,"publisher":{"@id":"https:\/\/www.ctf-fce.ca\/fr\/#organization"},"image":{"@id":"https:\/\/www.ctf-fce.ca\/fr\/four-leaders-in-canadian-education-excellence-recognized-at-the-ctf-fce-agm\/#primaryimage"},"thumbnailUrl":"https:\/\/www.ctf-fce.ca\/wp-content\/uploads\/2021\/05\/All-schools-must-be-safe-havens-2.jpg","articleSection":["\u00c9ducation publique"],"inLanguage":"fr-FR"},{"@type":"WebPage","@id":"https:\/\/www.ctf-fce.ca\/fr\/four-leaders-in-canadian-education-excellence-recognized-at-the-ctf-fce-agm\/","url":"https:\/\/www.ctf-fce.ca\/fr\/four-leaders-in-canadian-education-excellence-recognized-at-the-ctf-fce-agm\/","name":"Quatre porte-paroles du milieu de l\u2019\u00e9ducation honor\u00e9s pour leur excellence en \u00e9ducation \u00e0 l\u2019AGA de la CTF\/FCE - CTF-FCE","isPartOf":{"@id":"https:\/\/www.ctf-fce.ca\/fr\/#website"},"primaryImageOfPage":{"@id":"https:\/\/www.ctf-fce.ca\/fr\/four-leaders-in-canadian-education-excellence-recognized-at-the-ctf-fce-agm\/#primaryimage"},"image":{"@id":"https:\/\/www.ctf-fce.ca\/fr\/four-leaders-in-canadian-education-excellence-recognized-at-the-ctf-fce-agm\/#primaryimage"},"thumbnailUrl":"https:\/\/www.ctf-fce.ca\/wp-content\/uploads\/2021\/05\/All-schools-must-be-safe-havens-2.jpg","datePublished":"2021-07-21T10:00:00+00:00","dateModified":"2021-07-21T13:26:40+00:00","breadcrumb":{"@id":"https:\/\/www.ctf-fce.ca\/fr\/four-leaders-in-canadian-education-excellence-recognized-at-the-ctf-fce-agm\/#breadcrumb"},"inLanguage":"fr-FR","potentialAction":[{"@type":"ReadAction","target":["https:\/\/www.ctf-fce.ca\/fr\/four-leaders-in-canadian-education-excellence-recognized-at-the-ctf-fce-agm\/"]}]},{"@type":"ImageObject","inLanguage":"fr-FR","@id":"https:\/\/www.ctf-fce.ca\/fr\/four-leaders-in-canadian-education-excellence-recognized-at-the-ctf-fce-agm\/#primaryimage","url":"https:\/\/www.ctf-fce.ca\/wp-content\/uploads\/2021\/05\/All-schools-must-be-safe-havens-2.jpg","contentUrl":"https:\/\/www.ctf-fce.ca\/wp-content\/uploads\/2021\/05\/All-schools-must-be-safe-havens-2.jpg","width":1060,"height":707},{"@type":"BreadcrumbList","@id":"https:\/\/www.ctf-fce.ca\/fr\/four-leaders-in-canadian-education-excellence-recognized-at-the-ctf-fce-agm\/#breadcrumb","itemListElement":[{"@type":"ListItem","position":1,"name":"Accueil","item":"https:\/\/www.ctf-fce.ca\/fr\/home\/"},{"@type":"ListItem","position":2,"name":"Quatre porte-paroles du milieu de l\u2019\u00e9ducation honor\u00e9s pour leur excellence en \u00e9ducation \u00e0 l\u2019AGA de la CTF\/FCE"}]},{"@type":"WebSite","@id":"https:\/\/www.ctf-fce.ca\/fr\/#website","url":"https:\/\/www.ctf-fce.ca\/fr\/","name":"CTF-FCE","description":"","publisher":{"@id":"https:\/\/www.ctf-fce.ca\/fr\/#organization"},"potentialAction":[{"@type":"SearchAction","target":{"@type":"EntryPoint","urlTemplate":"https:\/\/www.ctf-fce.ca\/fr\/?s={search_term_string}"},"query-input":{"@type":"PropertyValueSpecification","valueRequired":true,"valueName":"search_term_string"}}],"inLanguage":"fr-FR"},{"@type":"Organization","@id":"https:\/\/www.ctf-fce.ca\/fr\/#organization","name":"CTF-FCE","url":"https:\/\/www.ctf-fce.ca\/fr\/","logo":{"@type":"ImageObject","inLanguage":"fr-FR","@id":"https:\/\/www.ctf-fce.ca\/fr\/#\/schema\/logo\/image\/","url":"https:\/\/www.ctf-fce.ca\/wp-content\/uploads\/2020\/01\/ctf-fce-logo@2x.png","contentUrl":"https:\/\/www.ctf-fce.ca\/wp-content\/uploads\/2020\/01\/ctf-fce-logo@2x.png","width":485,"height":146,"caption":"CTF-FCE"},"image":{"@id":"https:\/\/www.ctf-fce.ca\/fr\/#\/schema\/logo\/image\/"},"sameAs":["https:\/\/www.facebook.com\/CTF.FCE\/","https:\/\/x.com\/CTFFCE","https:\/\/www.instagram.com\/ctffce\/","https:\/\/www.linkedin.com\/company\/canadian-teachers'\u200b-federation---f\u00e9d.-canadienne-des-enseignantes-et-des-enseignants\/","https:\/\/www.youtube.com\/user\/canadianteachers"]},{"@type":"Person","@id":"https:\/\/www.ctf-fce.ca\/fr\/#\/schema\/person\/75dcd67a4d012ca69e1c15d4ea0032d2","name":"contact@keshocommunications.ca"}]}},"author_meta":{"display_name":"contact@keshocommunications.ca","author_link":"https:\/\/www.ctf-fce.ca\/fr\/author\/contactkeshocommunications-ca\/"},"featured_img":"https:\/\/www.ctf-fce.ca\/wp-content\/uploads\/2021\/05\/All-schools-must-be-safe-havens-2-300x200.jpg","coauthors":[],"tax_additional":{"categories":{"linked":["<a href=\"https:\/\/www.ctf-fce.ca\/fr\/categorie\/education-publique\/\" class=\"advgb-post-tax-term\">\u00c9ducation publique<\/a>"],"unlinked":["<span class=\"advgb-post-tax-term\">\u00c9ducation publique<\/span>"]}},"comment_count":"0","relative_dates":{"created":"Publi\u00e9 5 ans il y a","modified":"Mis \u00e0 jour 5 ans il y a"},"absolute_dates":{"created":"Publi\u00e9 le 21 juillet 2021","modified":"Mise \u00e0 jour le 21 juillet 2021"},"absolute_dates_time":{"created":"Publi\u00e9 le 21 juillet 2021 6h00","modified":"Mise \u00e0 jour le 21 juillet 2021 9h26"},"featured_img_caption":"","series_order":"","_links":{"self":[{"href":"https:\/\/www.ctf-fce.ca\/fr\/wp-json\/wp\/v2\/posts\/6644","targetHints":{"allow":["GET"]}}],"collection":[{"href":"https:\/\/www.ctf-fce.ca\/fr\/wp-json\/wp\/v2\/posts"}],"about":[{"href":"https:\/\/www.ctf-fce.ca\/fr\/wp-json\/wp\/v2\/types\/post"}],"author":[{"embeddable":true,"href":"https:\/\/www.ctf-fce.ca\/fr\/wp-json\/wp\/v2\/users\/1"}],"replies":[{"embeddable":true,"href":"https:\/\/www.ctf-fce.ca\/fr\/wp-json\/wp\/v2\/comments?post=6644"}],"version-history":[{"count":0,"href":"https:\/\/www.ctf-fce.ca\/fr\/wp-json\/wp\/v2\/posts\/6644\/revisions"}],"wp:featuredmedia":[{"embeddable":true,"href":"https:\/\/www.ctf-fce.ca\/fr\/wp-json\/wp\/v2\/media\/6320"}],"wp:attachment":[{"href":"https:\/\/www.ctf-fce.ca\/fr\/wp-json\/wp\/v2\/media?parent=6644"}],"wp:term":[{"taxonomy":"category","embeddable":true,"href":"https:\/\/www.ctf-fce.ca\/fr\/wp-json\/wp\/v2\/categories?post=6644"},{"taxonomy":"post_tag","embeddable":true,"href":"https:\/\/www.ctf-fce.ca\/fr\/wp-json\/wp\/v2\/tags?post=6644"}],"curies":[{"name":"wp","href":"https:\/\/api.w.org\/{rel}","templated":true}]}}