{"id":7093,"date":"2021-12-15T15:46:33","date_gmt":"2021-12-15T20:46:33","guid":{"rendered":"https:\/\/www.ctf-fce.ca\/?p=7093"},"modified":"2021-12-17T09:39:49","modified_gmt":"2021-12-17T14:39:49","slug":"derniere-mise-a-jour-economique-plus-grand-role-federal-dans-leducation-publique","status":"publish","type":"post","link":"https:\/\/www.ctf-fce.ca\/fr\/derniere-mise-a-jour-economique-plus-grand-role-federal-dans-leducation-publique\/","title":{"rendered":"<em>Derni\u00e8re Mise \u00e0 jour \u00e9conomique<\/em> : plus grand r\u00f4le f\u00e9d\u00e9ral dans l\u2019\u00e9ducation publique"},"content":{"rendered":"\n<h2 class=\"wp-block-heading\">La toute derni\u00e8re <em>Mise \u00e0 jour \u00e9conomique et budg\u00e9taire<\/em> fait davantage de place \u00e0 un r\u00f4le f\u00e9d\u00e9ral dans l\u2019\u00e9ducation publique<\/h2>\n\n\n\n<p>La F\u00e9d\u00e9ration canadienne des enseignantes et des enseignants (CTF\/FCE) est heureuse de constater que le gouvernement f\u00e9d\u00e9ral est, une fois de plus, pr\u00eat \u00e0 intervenir pour soutenir le corps enseignant et les autres travailleurs et travailleuses de l\u2019\u00e9ducation, et pour rendre les \u00e9coles plus s\u00e9curitaires. C\u2019est le signal qu\u2019envoie la<a href=\"https:\/\/www.budget.gc.ca\/efu-meb\/2021\/report-rapport\/EFU-MEB-2021-FR.pdf\"> <em>Mise \u00e0 jour \u00e9conomique et budg\u00e9taire<\/em>, rendue publique hier par la vice-premi\u00e8re ministre et ministre des Finances, Chrystia Freeland<\/a>. Plus pr\u00e9cis\u00e9ment, le gouvernement s\u2019est engag\u00e9 :<\/p>\n\n\n\n<ul class=\"wp-block-list\"><li><strong>\u00e0 r\u00e9server 110 millions de dollars pour le Fonds pour une rentr\u00e9e scolaire s\u00e9curitaire en plus des 70 millions destin\u00e9s \u00e0 Infrastructure Canada, tout cela pour la ventilation des \u00e9coles;<\/strong><\/li><li><strong>\u00e0 accorder 1,7 milliard de dollars \u00e0 Sant\u00e9 Canada pour distribuer des tests de d\u00e9pistage rapide dans les \u00e9coles et les lieux de travail;<\/strong><\/li><li><strong>\u00e0 \u00e9largir la liste des fournitures d\u2019enseignement admissibles pour y inclure des appareils \u00e9lectroniques et autres qui ne sont pas n\u00e9cessairement utilis\u00e9s en salle de classe.<\/strong><\/li><\/ul>\n\n\n\n<p>\u00ab Devant une pand\u00e9mie qui n\u2019en finit plus de finir, la CTF\/FCE voit d\u2019un bon \u0153il les projets d\u2019investissements f\u00e9d\u00e9raux pour mieux prot\u00e9ger les \u00e9l\u00e8ves et les membres du personnel scolaire contre la COVID-19, explique le pr\u00e9sident de la CTF\/FCE, Sam Hammond. Nous voulons que les \u00e9coles restent ouvertes sans pour autant fragiliser davantage l\u2019apprentissage des \u00e9l\u00e8ves ou la sant\u00e9 mentale du personnel enseignant. \u00bb<\/p>\n\n\n\n<p>Le renouvellement du financement pour am\u00e9liorer la ventilation dans les \u00e9coles et la distribution de tests de d\u00e9pistage rapide et de doses de vaccin rendront les \u00e9coles plus s\u00fbres pour tout le monde. Nous avons assist\u00e9 \u00e0 la campagne de vaccination des enfants de 5 ans et plus, mais l\u2019\u00e9mergence de variants fait monter la pression et le Canada doit \u00eatre pr\u00eat \u00e0 affronter de nouvelles vagues de la COVID-19.<\/p>\n\n\n\n<p>La d\u00e9cision du gouvernement f\u00e9d\u00e9ral d\u2019augmenter, comme il avait promis de le faire, la d\u00e9duction fiscale dont le personnel enseignant peut se pr\u00e9valoir pour l\u2019achat de ressources p\u00e9dagogiques est un pas dans la bonne direction, mais il doit aussi servir \u00e0 rappeler aux Canadiennes et Canadiens qu\u2019il incombe aux provinces et aux territoires d\u2019augmenter le budget de l\u2019\u00e9ducation afin que le personnel de l\u2019\u00e9ducation n\u2019ait pas besoin d\u2019acheter lui-m\u00eame le mat\u00e9riel qui lui est n\u00e9cessaire.<\/p>\n\n\n\n<p>Il est \u00e9vident que le gouvernement f\u00e9d\u00e9ral veut jouer un plus grand r\u00f4le dans l\u2019\u00e9ducation publique financ\u00e9e par l\u2019\u00c9tat et travailler plus \u00e9troitement avec les enseignantes et enseignants, et leurs autres coll\u00e8gues. Quand des difficult\u00e9s mettent en cause l\u2019ensemble du corps enseignant et les autres travailleurs et travailleuses de l\u2019\u00e9ducation, les \u00e9l\u00e8ves et leurs familles, il est essentiel que ces groupes puissent compter sur un lien direct qui favorise le dialogue avec Ottawa. C\u2019est pourquoi la CTF\/FCE continue d\u2019insister pour que le gouvernement f\u00e9d\u00e9ral cr\u00e9e un<a href=\"https:\/\/voteeducation.ca\/fr\/\"> groupe consultatif national sur l\u2019\u00e9ducation<\/a> qui r\u00e9unira la profession enseignante et d\u2019autres parties int\u00e9ress\u00e9es.<\/p>\n\n\n\n<p>\u00ab La pand\u00e9mie a montr\u00e9 \u00e0 la population canadienne \u00e0 quel point l\u2019\u00e9ducation publique financ\u00e9e par l\u2019\u00c9tat joue un r\u00f4le central dans la vie de millions de familles, leurs communaut\u00e9s et l\u2019\u00e9conomie. <em>La Mise \u00e0 jour \u00e9conomique et budg\u00e9taire<\/em> jette les bases d\u2019une conversation sur la n\u00e9cessit\u00e9 d\u2019un engagement f\u00e9d\u00e9ral \u00e0 long terme dans l\u2019\u00e9ducation publique \u00bb, affirme Sam Hammond.<\/p>\n\n\n\n<p>Qu\u2019on parle de pauvret\u00e9, de sant\u00e9 mentale, de racisme ou de v\u00e9rit\u00e9 et de r\u00e9conciliation, les efforts pour venir \u00e0 bout des grandes questions sociales commencent dans la salle de classe. C\u2019est pour cette raison que l\u2019\u00e9ducation publique doit faire l\u2019objet d\u2019une conversation nationale.<\/p>\n\n\n\n<h2 class=\"wp-block-heading\">La F\u00e9d\u00e9ration canadienne des enseignantes et des enseignants<\/h2>\n\n\n\n<p>Fond\u00e9e en 1920, la F\u00e9d\u00e9ration canadienne des enseignantes et des enseignants est la voix nationale de la profession enseignante. Alliance nationale d\u2019organisations provinciales et territoriales de l\u2019enseignement, la CTF\/FCE repr\u00e9sente plus de 365 000 enseignantes et enseignants des \u00e9coles \u00e9l\u00e9mentaires et secondaires au Canada.&nbsp;<\/p>\n\n\n\n<h3 class=\"wp-block-heading\">Contact avec les m\u00e9dias<\/h3>\n\n\n\n<p>Andrew King<br>F\u00e9d\u00e9ration canadienne des enseignantes et des enseignants (CTF\/FCE)<br><a href=\"https:\/\/www.ctf-fce.ca\/who-we-are\/contact-us\/?recipient=aking&amp;recipient_name=Andrew%20King&amp;recipient_exist=true\">Contact<\/a><br>Cellulaire : 819-213-7847&nbsp;&nbsp;&nbsp;<\/p>\n","protected":false},"excerpt":{"rendered":"<p>La CTF\/FCE voit d\u2019un bon \u0153il les projets d\u2019investissements f\u00e9d\u00e9raux pour mieux prot\u00e9ger les \u00e9l\u00e8ves et les membres du personnel scolaire. <\/p>\n","protected":false},"author":4,"featured_media":5612,"comment_status":"closed","ping_status":"closed","sticky":false,"template":"","format":"standard","meta":{"_acf_changed":false,"advgb_blocks_editor_width":"","advgb_blocks_columns_visual_guide":"","footnotes":""},"categories":[569,557],"tags":[],"class_list":["post-7093","post","type-post","status-publish","format-standard","has-post-thumbnail","hentry","category-action-politique","category-justice-sociale"],"acf":[],"yoast_head":"<!-- This site is optimized with the Yoast SEO plugin v27.4 - https:\/\/yoast.com\/product\/yoast-seo-wordpress\/ -->\n<title>Derni\u00e8re Mise \u00e0 jour \u00e9conomique : plus grand r\u00f4le f\u00e9d\u00e9ral dans l\u2019\u00e9ducation publique - CTF-FCE<\/title>\n<meta name=\"description\" content=\"La CTF\/FCE voit d\u2019un bon \u0153il les projets d\u2019investissements f\u00e9d\u00e9raux pour mieux prot\u00e9ger les \u00e9l\u00e8ves et les membres du personnel scolaire.\" \/>\n<meta name=\"robots\" content=\"index, follow, max-snippet:-1, max-image-preview:large, max-video-preview:-1\" \/>\n<link rel=\"canonical\" href=\"https:\/\/www.ctf-fce.ca\/fr\/derniere-mise-a-jour-economique-plus-grand-role-federal-dans-leducation-publique\/\" \/>\n<meta property=\"og:locale\" content=\"fr_FR\" \/>\n<meta property=\"og:type\" content=\"article\" \/>\n<meta property=\"og:title\" content=\"Derni\u00e8re Mise \u00e0 jour \u00e9conomique : plus grand r\u00f4le f\u00e9d\u00e9ral dans l\u2019\u00e9ducation publique - CTF-FCE\" \/>\n<meta property=\"og:description\" content=\"La CTF\/FCE voit d\u2019un bon \u0153il les projets d\u2019investissements f\u00e9d\u00e9raux pour mieux prot\u00e9ger les \u00e9l\u00e8ves et les membres du personnel scolaire.\" \/>\n<meta property=\"og:url\" content=\"https:\/\/www.ctf-fce.ca\/fr\/derniere-mise-a-jour-economique-plus-grand-role-federal-dans-leducation-publique\/\" \/>\n<meta property=\"og:site_name\" content=\"CTF-FCE\" \/>\n<meta property=\"article:publisher\" content=\"https:\/\/www.facebook.com\/CTF.FCE\/\" \/>\n<meta property=\"article:published_time\" content=\"2021-12-15T20:46:33+00:00\" \/>\n<meta property=\"article:modified_time\" content=\"2021-12-17T14:39:49+00:00\" \/>\n<meta property=\"og:image\" content=\"https:\/\/www.ctf-fce.ca\/wp-content\/uploads\/2020\/07\/Image_Budget-Statement.jpg\" \/>\n\t<meta property=\"og:image:width\" content=\"2560\" \/>\n\t<meta property=\"og:image:height\" content=\"1704\" \/>\n\t<meta property=\"og:image:type\" content=\"image\/jpeg\" \/>\n<meta name=\"author\" content=\"Rolf\" \/>\n<meta name=\"twitter:card\" content=\"summary_large_image\" \/>\n<meta name=\"twitter:creator\" content=\"@CTFFCE\" \/>\n<meta name=\"twitter:site\" content=\"@CTFFCE\" \/>\n<meta name=\"twitter:label1\" content=\"\u00c9crit par\" \/>\n\t<meta name=\"twitter:data1\" content=\"Rolf\" \/>\n\t<meta name=\"twitter:label2\" content=\"Dur\u00e9e de lecture estim\u00e9e\" \/>\n\t<meta name=\"twitter:data2\" content=\"3 minutes\" \/>\n<script type=\"application\/ld+json\" class=\"yoast-schema-graph\">{\"@context\":\"https:\\\/\\\/schema.org\",\"@graph\":[{\"@type\":\"Article\",\"@id\":\"https:\\\/\\\/www.ctf-fce.ca\\\/fr\\\/derniere-mise-a-jour-economique-plus-grand-role-federal-dans-leducation-publique\\\/#article\",\"isPartOf\":{\"@id\":\"https:\\\/\\\/www.ctf-fce.ca\\\/fr\\\/derniere-mise-a-jour-economique-plus-grand-role-federal-dans-leducation-publique\\\/\"},\"author\":{\"name\":\"Rolf\",\"@id\":\"https:\\\/\\\/www.ctf-fce.ca\\\/fr\\\/#\\\/schema\\\/person\\\/3783b1d678a8ddadfd6a5618b7f78f61\"},\"headline\":\"Derni\u00e8re Mise \u00e0 jour \u00e9conomique : plus grand r\u00f4le f\u00e9d\u00e9ral dans l\u2019\u00e9ducation publique\",\"datePublished\":\"2021-12-15T20:46:33+00:00\",\"dateModified\":\"2021-12-17T14:39:49+00:00\",\"mainEntityOfPage\":{\"@id\":\"https:\\\/\\\/www.ctf-fce.ca\\\/fr\\\/derniere-mise-a-jour-economique-plus-grand-role-federal-dans-leducation-publique\\\/\"},\"wordCount\":771,\"publisher\":{\"@id\":\"https:\\\/\\\/www.ctf-fce.ca\\\/fr\\\/#organization\"},\"image\":{\"@id\":\"https:\\\/\\\/www.ctf-fce.ca\\\/fr\\\/derniere-mise-a-jour-economique-plus-grand-role-federal-dans-leducation-publique\\\/#primaryimage\"},\"thumbnailUrl\":\"https:\\\/\\\/www.ctf-fce.ca\\\/wp-content\\\/uploads\\\/2020\\\/07\\\/Image_Budget-Statement.jpg\",\"articleSection\":[\"Action politique\",\"Justice sociale\"],\"inLanguage\":\"fr-FR\"},{\"@type\":\"WebPage\",\"@id\":\"https:\\\/\\\/www.ctf-fce.ca\\\/fr\\\/derniere-mise-a-jour-economique-plus-grand-role-federal-dans-leducation-publique\\\/\",\"url\":\"https:\\\/\\\/www.ctf-fce.ca\\\/fr\\\/derniere-mise-a-jour-economique-plus-grand-role-federal-dans-leducation-publique\\\/\",\"name\":\"Derni\u00e8re Mise \u00e0 jour \u00e9conomique : plus grand r\u00f4le f\u00e9d\u00e9ral dans l\u2019\u00e9ducation publique - CTF-FCE\",\"isPartOf\":{\"@id\":\"https:\\\/\\\/www.ctf-fce.ca\\\/fr\\\/#website\"},\"primaryImageOfPage\":{\"@id\":\"https:\\\/\\\/www.ctf-fce.ca\\\/fr\\\/derniere-mise-a-jour-economique-plus-grand-role-federal-dans-leducation-publique\\\/#primaryimage\"},\"image\":{\"@id\":\"https:\\\/\\\/www.ctf-fce.ca\\\/fr\\\/derniere-mise-a-jour-economique-plus-grand-role-federal-dans-leducation-publique\\\/#primaryimage\"},\"thumbnailUrl\":\"https:\\\/\\\/www.ctf-fce.ca\\\/wp-content\\\/uploads\\\/2020\\\/07\\\/Image_Budget-Statement.jpg\",\"datePublished\":\"2021-12-15T20:46:33+00:00\",\"dateModified\":\"2021-12-17T14:39:49+00:00\",\"description\":\"La CTF\\\/FCE voit d\u2019un bon \u0153il les projets d\u2019investissements f\u00e9d\u00e9raux pour mieux prot\u00e9ger les \u00e9l\u00e8ves et les membres du personnel scolaire.\",\"breadcrumb\":{\"@id\":\"https:\\\/\\\/www.ctf-fce.ca\\\/fr\\\/derniere-mise-a-jour-economique-plus-grand-role-federal-dans-leducation-publique\\\/#breadcrumb\"},\"inLanguage\":\"fr-FR\",\"potentialAction\":[{\"@type\":\"ReadAction\",\"target\":[\"https:\\\/\\\/www.ctf-fce.ca\\\/fr\\\/derniere-mise-a-jour-economique-plus-grand-role-federal-dans-leducation-publique\\\/\"]}]},{\"@type\":\"ImageObject\",\"inLanguage\":\"fr-FR\",\"@id\":\"https:\\\/\\\/www.ctf-fce.ca\\\/fr\\\/derniere-mise-a-jour-economique-plus-grand-role-federal-dans-leducation-publique\\\/#primaryimage\",\"url\":\"https:\\\/\\\/www.ctf-fce.ca\\\/wp-content\\\/uploads\\\/2020\\\/07\\\/Image_Budget-Statement.jpg\",\"contentUrl\":\"https:\\\/\\\/www.ctf-fce.ca\\\/wp-content\\\/uploads\\\/2020\\\/07\\\/Image_Budget-Statement.jpg\",\"width\":2560,\"height\":1704},{\"@type\":\"BreadcrumbList\",\"@id\":\"https:\\\/\\\/www.ctf-fce.ca\\\/fr\\\/derniere-mise-a-jour-economique-plus-grand-role-federal-dans-leducation-publique\\\/#breadcrumb\",\"itemListElement\":[{\"@type\":\"ListItem\",\"position\":1,\"name\":\"Accueil\",\"item\":\"https:\\\/\\\/www.ctf-fce.ca\\\/fr\\\/home\\\/\"},{\"@type\":\"ListItem\",\"position\":2,\"name\":\"Derni\u00e8re Mise \u00e0 jour \u00e9conomique : plus grand r\u00f4le f\u00e9d\u00e9ral dans l\u2019\u00e9ducation publique\"}]},{\"@type\":\"WebSite\",\"@id\":\"https:\\\/\\\/www.ctf-fce.ca\\\/fr\\\/#website\",\"url\":\"https:\\\/\\\/www.ctf-fce.ca\\\/fr\\\/\",\"name\":\"CTF-FCE\",\"description\":\"\",\"publisher\":{\"@id\":\"https:\\\/\\\/www.ctf-fce.ca\\\/fr\\\/#organization\"},\"potentialAction\":[{\"@type\":\"SearchAction\",\"target\":{\"@type\":\"EntryPoint\",\"urlTemplate\":\"https:\\\/\\\/www.ctf-fce.ca\\\/fr\\\/?s={search_term_string}\"},\"query-input\":{\"@type\":\"PropertyValueSpecification\",\"valueRequired\":true,\"valueName\":\"search_term_string\"}}],\"inLanguage\":\"fr-FR\"},{\"@type\":\"Organization\",\"@id\":\"https:\\\/\\\/www.ctf-fce.ca\\\/fr\\\/#organization\",\"name\":\"CTF-FCE\",\"url\":\"https:\\\/\\\/www.ctf-fce.ca\\\/fr\\\/\",\"logo\":{\"@type\":\"ImageObject\",\"inLanguage\":\"fr-FR\",\"@id\":\"https:\\\/\\\/www.ctf-fce.ca\\\/fr\\\/#\\\/schema\\\/logo\\\/image\\\/\",\"url\":\"https:\\\/\\\/www.ctf-fce.ca\\\/wp-content\\\/uploads\\\/2020\\\/01\\\/ctf-fce-logo@2x.png\",\"contentUrl\":\"https:\\\/\\\/www.ctf-fce.ca\\\/wp-content\\\/uploads\\\/2020\\\/01\\\/ctf-fce-logo@2x.png\",\"width\":485,\"height\":146,\"caption\":\"CTF-FCE\"},\"image\":{\"@id\":\"https:\\\/\\\/www.ctf-fce.ca\\\/fr\\\/#\\\/schema\\\/logo\\\/image\\\/\"},\"sameAs\":[\"https:\\\/\\\/www.facebook.com\\\/CTF.FCE\\\/\",\"https:\\\/\\\/x.com\\\/CTFFCE\",\"https:\\\/\\\/www.instagram.com\\\/ctffce\\\/\",\"https:\\\/\\\/www.linkedin.com\\\/company\\\/canadian-teachers'\u200b-federation---f\u00e9d.-canadienne-des-enseignantes-et-des-enseignants\\\/\",\"https:\\\/\\\/www.youtube.com\\\/user\\\/canadianteachers\"]},{\"@type\":\"Person\",\"@id\":\"https:\\\/\\\/www.ctf-fce.ca\\\/fr\\\/#\\\/schema\\\/person\\\/3783b1d678a8ddadfd6a5618b7f78f61\",\"name\":\"Rolf\"}]}<\/script>\n<!-- \/ Yoast SEO plugin. -->","yoast_head_json":{"title":"Derni\u00e8re Mise \u00e0 jour \u00e9conomique : plus grand r\u00f4le f\u00e9d\u00e9ral dans l\u2019\u00e9ducation publique - CTF-FCE","description":"La CTF\/FCE voit d\u2019un bon \u0153il les projets d\u2019investissements f\u00e9d\u00e9raux pour mieux prot\u00e9ger les \u00e9l\u00e8ves et les membres du personnel scolaire.","robots":{"index":"index","follow":"follow","max-snippet":"max-snippet:-1","max-image-preview":"max-image-preview:large","max-video-preview":"max-video-preview:-1"},"canonical":"https:\/\/www.ctf-fce.ca\/fr\/derniere-mise-a-jour-economique-plus-grand-role-federal-dans-leducation-publique\/","og_locale":"fr_FR","og_type":"article","og_title":"Derni\u00e8re Mise \u00e0 jour \u00e9conomique : plus grand r\u00f4le f\u00e9d\u00e9ral dans l\u2019\u00e9ducation publique - CTF-FCE","og_description":"La CTF\/FCE voit d\u2019un bon \u0153il les projets d\u2019investissements f\u00e9d\u00e9raux pour mieux prot\u00e9ger les \u00e9l\u00e8ves et les membres du personnel scolaire.","og_url":"https:\/\/www.ctf-fce.ca\/fr\/derniere-mise-a-jour-economique-plus-grand-role-federal-dans-leducation-publique\/","og_site_name":"CTF-FCE","article_publisher":"https:\/\/www.facebook.com\/CTF.FCE\/","article_published_time":"2021-12-15T20:46:33+00:00","article_modified_time":"2021-12-17T14:39:49+00:00","og_image":[{"width":2560,"height":1704,"url":"https:\/\/www.ctf-fce.ca\/wp-content\/uploads\/2020\/07\/Image_Budget-Statement.jpg","type":"image\/jpeg"}],"author":"Rolf","twitter_card":"summary_large_image","twitter_creator":"@CTFFCE","twitter_site":"@CTFFCE","twitter_misc":{"\u00c9crit par":"Rolf","Dur\u00e9e de lecture estim\u00e9e":"3 minutes"},"schema":{"@context":"https:\/\/schema.org","@graph":[{"@type":"Article","@id":"https:\/\/www.ctf-fce.ca\/fr\/derniere-mise-a-jour-economique-plus-grand-role-federal-dans-leducation-publique\/#article","isPartOf":{"@id":"https:\/\/www.ctf-fce.ca\/fr\/derniere-mise-a-jour-economique-plus-grand-role-federal-dans-leducation-publique\/"},"author":{"name":"Rolf","@id":"https:\/\/www.ctf-fce.ca\/fr\/#\/schema\/person\/3783b1d678a8ddadfd6a5618b7f78f61"},"headline":"Derni\u00e8re Mise \u00e0 jour \u00e9conomique : plus grand r\u00f4le f\u00e9d\u00e9ral dans l\u2019\u00e9ducation publique","datePublished":"2021-12-15T20:46:33+00:00","dateModified":"2021-12-17T14:39:49+00:00","mainEntityOfPage":{"@id":"https:\/\/www.ctf-fce.ca\/fr\/derniere-mise-a-jour-economique-plus-grand-role-federal-dans-leducation-publique\/"},"wordCount":771,"publisher":{"@id":"https:\/\/www.ctf-fce.ca\/fr\/#organization"},"image":{"@id":"https:\/\/www.ctf-fce.ca\/fr\/derniere-mise-a-jour-economique-plus-grand-role-federal-dans-leducation-publique\/#primaryimage"},"thumbnailUrl":"https:\/\/www.ctf-fce.ca\/wp-content\/uploads\/2020\/07\/Image_Budget-Statement.jpg","articleSection":["Action politique","Justice sociale"],"inLanguage":"fr-FR"},{"@type":"WebPage","@id":"https:\/\/www.ctf-fce.ca\/fr\/derniere-mise-a-jour-economique-plus-grand-role-federal-dans-leducation-publique\/","url":"https:\/\/www.ctf-fce.ca\/fr\/derniere-mise-a-jour-economique-plus-grand-role-federal-dans-leducation-publique\/","name":"Derni\u00e8re Mise \u00e0 jour \u00e9conomique : plus grand r\u00f4le f\u00e9d\u00e9ral dans l\u2019\u00e9ducation publique - CTF-FCE","isPartOf":{"@id":"https:\/\/www.ctf-fce.ca\/fr\/#website"},"primaryImageOfPage":{"@id":"https:\/\/www.ctf-fce.ca\/fr\/derniere-mise-a-jour-economique-plus-grand-role-federal-dans-leducation-publique\/#primaryimage"},"image":{"@id":"https:\/\/www.ctf-fce.ca\/fr\/derniere-mise-a-jour-economique-plus-grand-role-federal-dans-leducation-publique\/#primaryimage"},"thumbnailUrl":"https:\/\/www.ctf-fce.ca\/wp-content\/uploads\/2020\/07\/Image_Budget-Statement.jpg","datePublished":"2021-12-15T20:46:33+00:00","dateModified":"2021-12-17T14:39:49+00:00","description":"La CTF\/FCE voit d\u2019un bon \u0153il les projets d\u2019investissements f\u00e9d\u00e9raux pour mieux prot\u00e9ger les \u00e9l\u00e8ves et les membres du personnel scolaire.","breadcrumb":{"@id":"https:\/\/www.ctf-fce.ca\/fr\/derniere-mise-a-jour-economique-plus-grand-role-federal-dans-leducation-publique\/#breadcrumb"},"inLanguage":"fr-FR","potentialAction":[{"@type":"ReadAction","target":["https:\/\/www.ctf-fce.ca\/fr\/derniere-mise-a-jour-economique-plus-grand-role-federal-dans-leducation-publique\/"]}]},{"@type":"ImageObject","inLanguage":"fr-FR","@id":"https:\/\/www.ctf-fce.ca\/fr\/derniere-mise-a-jour-economique-plus-grand-role-federal-dans-leducation-publique\/#primaryimage","url":"https:\/\/www.ctf-fce.ca\/wp-content\/uploads\/2020\/07\/Image_Budget-Statement.jpg","contentUrl":"https:\/\/www.ctf-fce.ca\/wp-content\/uploads\/2020\/07\/Image_Budget-Statement.jpg","width":2560,"height":1704},{"@type":"BreadcrumbList","@id":"https:\/\/www.ctf-fce.ca\/fr\/derniere-mise-a-jour-economique-plus-grand-role-federal-dans-leducation-publique\/#breadcrumb","itemListElement":[{"@type":"ListItem","position":1,"name":"Accueil","item":"https:\/\/www.ctf-fce.ca\/fr\/home\/"},{"@type":"ListItem","position":2,"name":"Derni\u00e8re Mise \u00e0 jour \u00e9conomique : plus grand r\u00f4le f\u00e9d\u00e9ral dans l\u2019\u00e9ducation publique"}]},{"@type":"WebSite","@id":"https:\/\/www.ctf-fce.ca\/fr\/#website","url":"https:\/\/www.ctf-fce.ca\/fr\/","name":"CTF-FCE","description":"","publisher":{"@id":"https:\/\/www.ctf-fce.ca\/fr\/#organization"},"potentialAction":[{"@type":"SearchAction","target":{"@type":"EntryPoint","urlTemplate":"https:\/\/www.ctf-fce.ca\/fr\/?s={search_term_string}"},"query-input":{"@type":"PropertyValueSpecification","valueRequired":true,"valueName":"search_term_string"}}],"inLanguage":"fr-FR"},{"@type":"Organization","@id":"https:\/\/www.ctf-fce.ca\/fr\/#organization","name":"CTF-FCE","url":"https:\/\/www.ctf-fce.ca\/fr\/","logo":{"@type":"ImageObject","inLanguage":"fr-FR","@id":"https:\/\/www.ctf-fce.ca\/fr\/#\/schema\/logo\/image\/","url":"https:\/\/www.ctf-fce.ca\/wp-content\/uploads\/2020\/01\/ctf-fce-logo@2x.png","contentUrl":"https:\/\/www.ctf-fce.ca\/wp-content\/uploads\/2020\/01\/ctf-fce-logo@2x.png","width":485,"height":146,"caption":"CTF-FCE"},"image":{"@id":"https:\/\/www.ctf-fce.ca\/fr\/#\/schema\/logo\/image\/"},"sameAs":["https:\/\/www.facebook.com\/CTF.FCE\/","https:\/\/x.com\/CTFFCE","https:\/\/www.instagram.com\/ctffce\/","https:\/\/www.linkedin.com\/company\/canadian-teachers'\u200b-federation---f\u00e9d.-canadienne-des-enseignantes-et-des-enseignants\/","https:\/\/www.youtube.com\/user\/canadianteachers"]},{"@type":"Person","@id":"https:\/\/www.ctf-fce.ca\/fr\/#\/schema\/person\/3783b1d678a8ddadfd6a5618b7f78f61","name":"Rolf"}]}},"author_meta":{"display_name":"Rolf","author_link":"https:\/\/www.ctf-fce.ca\/fr\/author\/rolph-carlos-klausener\/"},"featured_img":"https:\/\/www.ctf-fce.ca\/wp-content\/uploads\/2020\/07\/Image_Budget-Statement-300x200.jpg","coauthors":[],"tax_additional":{"categories":{"linked":["<a href=\"https:\/\/www.ctf-fce.ca\/fr\/categorie\/action-politique\/\" class=\"advgb-post-tax-term\">Action politique<\/a>","<a href=\"https:\/\/www.ctf-fce.ca\/fr\/categorie\/justice-sociale\/\" class=\"advgb-post-tax-term\">Justice sociale<\/a>"],"unlinked":["<span class=\"advgb-post-tax-term\">Action politique<\/span>","<span class=\"advgb-post-tax-term\">Justice sociale<\/span>"]}},"comment_count":"0","relative_dates":{"created":"Publi\u00e9 4 ans il y a","modified":"Mis \u00e0 jour 4 ans il y a"},"absolute_dates":{"created":"Publi\u00e9 le 15 d\u00e9cembre 2021","modified":"Mise \u00e0 jour le 17 d\u00e9cembre 2021"},"absolute_dates_time":{"created":"Publi\u00e9 le 15 d\u00e9cembre 2021 15h46","modified":"Mise \u00e0 jour le 17 d\u00e9cembre 2021 9h39"},"featured_img_caption":"","series_order":"","_links":{"self":[{"href":"https:\/\/www.ctf-fce.ca\/fr\/wp-json\/wp\/v2\/posts\/7093","targetHints":{"allow":["GET"]}}],"collection":[{"href":"https:\/\/www.ctf-fce.ca\/fr\/wp-json\/wp\/v2\/posts"}],"about":[{"href":"https:\/\/www.ctf-fce.ca\/fr\/wp-json\/wp\/v2\/types\/post"}],"author":[{"embeddable":true,"href":"https:\/\/www.ctf-fce.ca\/fr\/wp-json\/wp\/v2\/users\/4"}],"replies":[{"embeddable":true,"href":"https:\/\/www.ctf-fce.ca\/fr\/wp-json\/wp\/v2\/comments?post=7093"}],"version-history":[{"count":0,"href":"https:\/\/www.ctf-fce.ca\/fr\/wp-json\/wp\/v2\/posts\/7093\/revisions"}],"wp:featuredmedia":[{"embeddable":true,"href":"https:\/\/www.ctf-fce.ca\/fr\/wp-json\/wp\/v2\/media\/5612"}],"wp:attachment":[{"href":"https:\/\/www.ctf-fce.ca\/fr\/wp-json\/wp\/v2\/media?parent=7093"}],"wp:term":[{"taxonomy":"category","embeddable":true,"href":"https:\/\/www.ctf-fce.ca\/fr\/wp-json\/wp\/v2\/categories?post=7093"},{"taxonomy":"post_tag","embeddable":true,"href":"https:\/\/www.ctf-fce.ca\/fr\/wp-json\/wp\/v2\/tags?post=7093"}],"curies":[{"name":"wp","href":"https:\/\/api.w.org\/{rel}","templated":true}]}}