{"id":7119,"date":"2021-12-22T08:53:02","date_gmt":"2021-12-22T13:53:02","guid":{"rendered":"https:\/\/www.ctf-fce.ca\/?p=7119"},"modified":"2021-12-22T09:02:59","modified_gmt":"2021-12-22T14:02:59","slug":"le-canada-doit-favoriser-un-acces-equitable-aux-vaccins-contre-la-covid-19","status":"publish","type":"post","link":"https:\/\/www.ctf-fce.ca\/fr\/le-canada-doit-favoriser-un-acces-equitable-aux-vaccins-contre-la-covid-19\/","title":{"rendered":"Le Canada doit favoriser un acc\u00e8s \u00e9quitable aux vaccins contre la COVID-19"},"content":{"rendered":"\n<h2 class=\"wp-block-heading\"><a><strong><span class=\"has-inline-color has-black-color\">Le Canada doit favoriser un acc\u00e8s \u00e9quitable aux vaccins contre la COVID-19<\/span><\/strong><\/a><\/h2>\n\n\n\n<p>Tandis que les Canadiennes et Canadiens se d\u00e9m\u00e8nent pour obtenir leur dose de rappel du vaccin contre la COVID-19, nous devons aussi nous soucier de l\u2019iniquit\u00e9 de la vaccination ailleurs dans le monde, car elle a jou\u00e9 un r\u00f4le central dans l\u2019apparition du dernier variant. Le moment est venu pour le Canada de passer \u00e0 l\u2019action pour rendre les vaccins abordables et accessibles \u00e0 l\u2019\u00e9chelle de la plan\u00e8te.<\/p>\n\n\n\n<p>La F\u00e9d\u00e9ration canadienne des enseignantes et des enseignants (CTF\/FCE) exhorte le gouvernement du Canada \u00e0 appuyer la lev\u00e9e des droits de propri\u00e9t\u00e9 intellectuelle sur les vaccins afin de rendre les vaccins contre la COVID-19 abordables et accessibles \u00e0 tout le monde.<\/p>\n\n\n\n<p>Devant l\u2019apparition de nouveaux variants de la COVID au pays comme \u00e0 l\u2019\u00e9tranger, le soutien \u00e0 la d\u00e9rogation concernant les Aspects des droits de propri\u00e9t\u00e9 intellectuelle qui touchent au commerce (ADPIC) de l\u2019Organisation mondiale du commerce (OMC) favorisera la production de vaccins g\u00e9n\u00e9riques contre la COVID-19 dans le monde.<\/p>\n\n\n\n<p>Jusqu\u2019\u00e0 maintenant, plus d\u2019une centaine de pays, dont les \u00c9tats-Unis, ont sign\u00e9 cette d\u00e9rogation. Le Canada ne l\u2019a pas fait.<\/p>\n\n\n\n<p><a>E<\/a>n tant qu\u2019organisation affili\u00e9e \u00e0 l\u2019Internationale de l\u2019\u00c9ducation (IE), qui repr\u00e9sente plus de 32,5&nbsp;millions de membres, la CTF\/FCE s\u2019est jointe au mouvement mondial en faveur de la d\u00e9rogation concernant les ADPIC de l\u2019OMC.<\/p>\n\n\n\n<p>La CTF\/FCE croit fermement \u00e0 l\u2019importance de faire ce qu\u2019il y a de mieux pour l\u2019ensemble de la soci\u00e9t\u00e9 et estime que<a> <\/a>pr\u00e9venir la propagation de la COVID-19 dans l\u2019h\u00e9misph\u00e8re Sud gr\u00e2ce \u00e0 un meilleur acc\u00e8s \u00e0 la vaccination permet justement de le faire. Ardents d\u00e9fenseurs et d\u00e9fenseuses des ressources et de la propri\u00e9t\u00e9 publiques en ce qui concerne l\u2019\u00e9ducation et le mat\u00e9riel \u00e9ducatif, nous estimons qu\u2019il est tout aussi important de d\u00e9fendre une chose si essentielle pour la sant\u00e9 et le bien-\u00eatre de tout le monde&nbsp;: le vaccin contre la COVID-19.<\/p>\n\n\n\n<p>La CTF\/FCE f\u00e9licite le Canada de s\u2019\u00eatre fermement engag\u00e9 \u00e0 prendre les mesures voulues pour que le programme COVAX assure une distribution \u00e9quitable des vaccins, mais il est maintenant tr\u00e8s \u00e9vident qu\u2019il faut en faire plus pour vacciner la population mondiale. Le Canada peut maintenant passer \u00e0 la prochaine \u00e9tape, celle d\u2019assurer l\u2019acc\u00e8s aux brevets, ce qui constituerait une solution plus faisable sur le plan logistique et aboutirait \u00e0 une plus grande \u00e9quit\u00e9. L\u2019approvisionnement et la distribution des vaccins \u00e0 l\u2019\u00e9chelle mondiale ne devraient constituer qu\u2019une petite partie de la strat\u00e9gie mondiale de lutte contre la pand\u00e9mie de COVID-19.<\/p>\n\n\n\n<p>Le gouvernement du Canada a l\u2019occasion de signer la d\u00e9rogation concernant les ADPIC et de faire ce qui est juste et \u00e9thique en permettant \u00e0 davantage d\u2019entreprises de produire ces vaccins qui sauvent des vies.<\/p>\n\n\n\n<p>Nous devrions \u00eatre des chefs de file de l\u2019\u00e9quit\u00e9 vaccinale au pays et dans le monde. La d\u00e9rogation concernant les ADPIC nous permet de l\u2019\u00eatre.<\/p>\n\n\n\n<h2 class=\"wp-block-heading\">La F\u00e9d\u00e9ration canadienne des enseignantes et des enseignants<\/h2>\n\n\n\n<p>Fond\u00e9e en 1920, la F\u00e9d\u00e9ration canadienne des enseignantes et des enseignants est la voix nationale de la profession enseignante. Alliance nationale d\u2019organisations provinciales et territoriales de l\u2019enseignement, la CTF\/FCE repr\u00e9sente plus de 365 000 enseignantes et enseignants des \u00e9coles \u00e9l\u00e9mentaires et secondaires au Canada.&nbsp;<\/p>\n\n\n\n<h3 class=\"wp-block-heading\">Contact avec les m\u00e9dias<\/h3>\n\n\n\n<p>Andrew King<br>F\u00e9d\u00e9ration canadienne des enseignantes et des enseignants (CTF\/FCE)<br><a href=\"https:\/\/www.ctf-fce.ca\/who-we-are\/contact-us\/?recipient=aking&amp;recipient_name=Andrew%20King&amp;recipient_exist=true\">Contact<\/a><br>Cellulaire : 819-213-7847&nbsp;&nbsp;&nbsp;<\/p>\n","protected":false},"excerpt":{"rendered":"<p>La CTF\/FCE s\u2019est jointe au mouvement mondial en faveur de la d\u00e9rogation concernant les ADPIC de l\u2019OMC.<\/p>\n","protected":false},"author":4,"featured_media":6116,"comment_status":"closed","ping_status":"closed","sticky":false,"template":"","format":"standard","meta":{"_acf_changed":false,"advgb_blocks_editor_width":"","advgb_blocks_columns_visual_guide":"","footnotes":""},"categories":[569,557],"tags":[],"class_list":["post-7119","post","type-post","status-publish","format-standard","has-post-thumbnail","hentry","category-action-politique","category-justice-sociale"],"acf":[],"yoast_head":"<!-- This site is optimized with the Yoast SEO plugin v27.4 - https:\/\/yoast.com\/product\/yoast-seo-wordpress\/ -->\n<title>Le Canada doit favoriser un acc\u00e8s \u00e9quitable aux vaccins contre la COVID-19 - CTF-FCE<\/title>\n<meta name=\"description\" content=\"Le moment est venu pour le Canada de passer \u00e0 l\u2019action pour rendre les vaccins abordables et accessibles \u00e0 l\u2019\u00e9chelle de la plan\u00e8te.\" \/>\n<meta name=\"robots\" content=\"index, follow, max-snippet:-1, max-image-preview:large, max-video-preview:-1\" \/>\n<link rel=\"canonical\" href=\"https:\/\/www.ctf-fce.ca\/fr\/le-canada-doit-favoriser-un-acces-equitable-aux-vaccins-contre-la-covid-19\/\" \/>\n<meta property=\"og:locale\" content=\"fr_FR\" \/>\n<meta property=\"og:type\" content=\"article\" \/>\n<meta property=\"og:title\" content=\"Le Canada doit favoriser un acc\u00e8s \u00e9quitable aux vaccins contre la COVID-19 - CTF-FCE\" \/>\n<meta property=\"og:description\" content=\"Le moment est venu pour le Canada de passer \u00e0 l\u2019action pour rendre les vaccins abordables et accessibles \u00e0 l\u2019\u00e9chelle de la plan\u00e8te.\" \/>\n<meta property=\"og:url\" content=\"https:\/\/www.ctf-fce.ca\/fr\/le-canada-doit-favoriser-un-acces-equitable-aux-vaccins-contre-la-covid-19\/\" \/>\n<meta property=\"og:site_name\" content=\"CTF-FCE\" \/>\n<meta property=\"article:publisher\" content=\"https:\/\/www.facebook.com\/CTF.FCE\/\" \/>\n<meta property=\"article:published_time\" content=\"2021-12-22T13:53:02+00:00\" \/>\n<meta property=\"article:modified_time\" content=\"2021-12-22T14:02:59+00:00\" \/>\n<meta property=\"og:image\" content=\"https:\/\/www.ctf-fce.ca\/wp-content\/uploads\/2020\/12\/ctf-fce-vaccin.jpg\" \/>\n\t<meta property=\"og:image:width\" content=\"2500\" \/>\n\t<meta property=\"og:image:height\" content=\"1667\" \/>\n\t<meta property=\"og:image:type\" content=\"image\/jpeg\" \/>\n<meta name=\"author\" content=\"Rolf\" \/>\n<meta name=\"twitter:card\" content=\"summary_large_image\" \/>\n<meta name=\"twitter:creator\" content=\"@CTFFCE\" \/>\n<meta name=\"twitter:site\" content=\"@CTFFCE\" \/>\n<meta name=\"twitter:label1\" content=\"\u00c9crit par\" \/>\n\t<meta name=\"twitter:data1\" content=\"Rolf\" \/>\n\t<meta name=\"twitter:label2\" content=\"Dur\u00e9e de lecture estim\u00e9e\" \/>\n\t<meta name=\"twitter:data2\" content=\"3 minutes\" \/>\n<script type=\"application\/ld+json\" class=\"yoast-schema-graph\">{\"@context\":\"https:\\\/\\\/schema.org\",\"@graph\":[{\"@type\":\"Article\",\"@id\":\"https:\\\/\\\/www.ctf-fce.ca\\\/fr\\\/le-canada-doit-favoriser-un-acces-equitable-aux-vaccins-contre-la-covid-19\\\/#article\",\"isPartOf\":{\"@id\":\"https:\\\/\\\/www.ctf-fce.ca\\\/fr\\\/le-canada-doit-favoriser-un-acces-equitable-aux-vaccins-contre-la-covid-19\\\/\"},\"author\":{\"name\":\"Rolf\",\"@id\":\"https:\\\/\\\/www.ctf-fce.ca\\\/fr\\\/#\\\/schema\\\/person\\\/3783b1d678a8ddadfd6a5618b7f78f61\"},\"headline\":\"Le Canada doit favoriser un acc\u00e8s \u00e9quitable aux vaccins contre la COVID-19\",\"datePublished\":\"2021-12-22T13:53:02+00:00\",\"dateModified\":\"2021-12-22T14:02:59+00:00\",\"mainEntityOfPage\":{\"@id\":\"https:\\\/\\\/www.ctf-fce.ca\\\/fr\\\/le-canada-doit-favoriser-un-acces-equitable-aux-vaccins-contre-la-covid-19\\\/\"},\"wordCount\":629,\"publisher\":{\"@id\":\"https:\\\/\\\/www.ctf-fce.ca\\\/fr\\\/#organization\"},\"image\":{\"@id\":\"https:\\\/\\\/www.ctf-fce.ca\\\/fr\\\/le-canada-doit-favoriser-un-acces-equitable-aux-vaccins-contre-la-covid-19\\\/#primaryimage\"},\"thumbnailUrl\":\"https:\\\/\\\/www.ctf-fce.ca\\\/wp-content\\\/uploads\\\/2020\\\/12\\\/ctf-fce-vaccin.jpg\",\"articleSection\":[\"Action politique\",\"Justice sociale\"],\"inLanguage\":\"fr-FR\"},{\"@type\":\"WebPage\",\"@id\":\"https:\\\/\\\/www.ctf-fce.ca\\\/fr\\\/le-canada-doit-favoriser-un-acces-equitable-aux-vaccins-contre-la-covid-19\\\/\",\"url\":\"https:\\\/\\\/www.ctf-fce.ca\\\/fr\\\/le-canada-doit-favoriser-un-acces-equitable-aux-vaccins-contre-la-covid-19\\\/\",\"name\":\"Le Canada doit favoriser un acc\u00e8s \u00e9quitable aux vaccins contre la COVID-19 - CTF-FCE\",\"isPartOf\":{\"@id\":\"https:\\\/\\\/www.ctf-fce.ca\\\/fr\\\/#website\"},\"primaryImageOfPage\":{\"@id\":\"https:\\\/\\\/www.ctf-fce.ca\\\/fr\\\/le-canada-doit-favoriser-un-acces-equitable-aux-vaccins-contre-la-covid-19\\\/#primaryimage\"},\"image\":{\"@id\":\"https:\\\/\\\/www.ctf-fce.ca\\\/fr\\\/le-canada-doit-favoriser-un-acces-equitable-aux-vaccins-contre-la-covid-19\\\/#primaryimage\"},\"thumbnailUrl\":\"https:\\\/\\\/www.ctf-fce.ca\\\/wp-content\\\/uploads\\\/2020\\\/12\\\/ctf-fce-vaccin.jpg\",\"datePublished\":\"2021-12-22T13:53:02+00:00\",\"dateModified\":\"2021-12-22T14:02:59+00:00\",\"description\":\"Le moment est venu pour le Canada de passer \u00e0 l\u2019action pour rendre les vaccins abordables et accessibles \u00e0 l\u2019\u00e9chelle de la plan\u00e8te.\",\"breadcrumb\":{\"@id\":\"https:\\\/\\\/www.ctf-fce.ca\\\/fr\\\/le-canada-doit-favoriser-un-acces-equitable-aux-vaccins-contre-la-covid-19\\\/#breadcrumb\"},\"inLanguage\":\"fr-FR\",\"potentialAction\":[{\"@type\":\"ReadAction\",\"target\":[\"https:\\\/\\\/www.ctf-fce.ca\\\/fr\\\/le-canada-doit-favoriser-un-acces-equitable-aux-vaccins-contre-la-covid-19\\\/\"]}]},{\"@type\":\"ImageObject\",\"inLanguage\":\"fr-FR\",\"@id\":\"https:\\\/\\\/www.ctf-fce.ca\\\/fr\\\/le-canada-doit-favoriser-un-acces-equitable-aux-vaccins-contre-la-covid-19\\\/#primaryimage\",\"url\":\"https:\\\/\\\/www.ctf-fce.ca\\\/wp-content\\\/uploads\\\/2020\\\/12\\\/ctf-fce-vaccin.jpg\",\"contentUrl\":\"https:\\\/\\\/www.ctf-fce.ca\\\/wp-content\\\/uploads\\\/2020\\\/12\\\/ctf-fce-vaccin.jpg\",\"width\":2500,\"height\":1667,\"caption\":\"Vaccination\"},{\"@type\":\"BreadcrumbList\",\"@id\":\"https:\\\/\\\/www.ctf-fce.ca\\\/fr\\\/le-canada-doit-favoriser-un-acces-equitable-aux-vaccins-contre-la-covid-19\\\/#breadcrumb\",\"itemListElement\":[{\"@type\":\"ListItem\",\"position\":1,\"name\":\"Accueil\",\"item\":\"https:\\\/\\\/www.ctf-fce.ca\\\/fr\\\/home\\\/\"},{\"@type\":\"ListItem\",\"position\":2,\"name\":\"Le Canada doit favoriser un acc\u00e8s \u00e9quitable aux vaccins contre la COVID-19\"}]},{\"@type\":\"WebSite\",\"@id\":\"https:\\\/\\\/www.ctf-fce.ca\\\/fr\\\/#website\",\"url\":\"https:\\\/\\\/www.ctf-fce.ca\\\/fr\\\/\",\"name\":\"CTF-FCE\",\"description\":\"\",\"publisher\":{\"@id\":\"https:\\\/\\\/www.ctf-fce.ca\\\/fr\\\/#organization\"},\"potentialAction\":[{\"@type\":\"SearchAction\",\"target\":{\"@type\":\"EntryPoint\",\"urlTemplate\":\"https:\\\/\\\/www.ctf-fce.ca\\\/fr\\\/?s={search_term_string}\"},\"query-input\":{\"@type\":\"PropertyValueSpecification\",\"valueRequired\":true,\"valueName\":\"search_term_string\"}}],\"inLanguage\":\"fr-FR\"},{\"@type\":\"Organization\",\"@id\":\"https:\\\/\\\/www.ctf-fce.ca\\\/fr\\\/#organization\",\"name\":\"CTF-FCE\",\"url\":\"https:\\\/\\\/www.ctf-fce.ca\\\/fr\\\/\",\"logo\":{\"@type\":\"ImageObject\",\"inLanguage\":\"fr-FR\",\"@id\":\"https:\\\/\\\/www.ctf-fce.ca\\\/fr\\\/#\\\/schema\\\/logo\\\/image\\\/\",\"url\":\"https:\\\/\\\/www.ctf-fce.ca\\\/wp-content\\\/uploads\\\/2020\\\/01\\\/ctf-fce-logo@2x.png\",\"contentUrl\":\"https:\\\/\\\/www.ctf-fce.ca\\\/wp-content\\\/uploads\\\/2020\\\/01\\\/ctf-fce-logo@2x.png\",\"width\":485,\"height\":146,\"caption\":\"CTF-FCE\"},\"image\":{\"@id\":\"https:\\\/\\\/www.ctf-fce.ca\\\/fr\\\/#\\\/schema\\\/logo\\\/image\\\/\"},\"sameAs\":[\"https:\\\/\\\/www.facebook.com\\\/CTF.FCE\\\/\",\"https:\\\/\\\/x.com\\\/CTFFCE\",\"https:\\\/\\\/www.instagram.com\\\/ctffce\\\/\",\"https:\\\/\\\/www.linkedin.com\\\/company\\\/canadian-teachers'\u200b-federation---f\u00e9d.-canadienne-des-enseignantes-et-des-enseignants\\\/\",\"https:\\\/\\\/www.youtube.com\\\/user\\\/canadianteachers\"]},{\"@type\":\"Person\",\"@id\":\"https:\\\/\\\/www.ctf-fce.ca\\\/fr\\\/#\\\/schema\\\/person\\\/3783b1d678a8ddadfd6a5618b7f78f61\",\"name\":\"Rolf\"}]}<\/script>\n<!-- \/ Yoast SEO plugin. -->","yoast_head_json":{"title":"Le Canada doit favoriser un acc\u00e8s \u00e9quitable aux vaccins contre la COVID-19 - CTF-FCE","description":"Le moment est venu pour le Canada de passer \u00e0 l\u2019action pour rendre les vaccins abordables et accessibles \u00e0 l\u2019\u00e9chelle de la plan\u00e8te.","robots":{"index":"index","follow":"follow","max-snippet":"max-snippet:-1","max-image-preview":"max-image-preview:large","max-video-preview":"max-video-preview:-1"},"canonical":"https:\/\/www.ctf-fce.ca\/fr\/le-canada-doit-favoriser-un-acces-equitable-aux-vaccins-contre-la-covid-19\/","og_locale":"fr_FR","og_type":"article","og_title":"Le Canada doit favoriser un acc\u00e8s \u00e9quitable aux vaccins contre la COVID-19 - CTF-FCE","og_description":"Le moment est venu pour le Canada de passer \u00e0 l\u2019action pour rendre les vaccins abordables et accessibles \u00e0 l\u2019\u00e9chelle de la plan\u00e8te.","og_url":"https:\/\/www.ctf-fce.ca\/fr\/le-canada-doit-favoriser-un-acces-equitable-aux-vaccins-contre-la-covid-19\/","og_site_name":"CTF-FCE","article_publisher":"https:\/\/www.facebook.com\/CTF.FCE\/","article_published_time":"2021-12-22T13:53:02+00:00","article_modified_time":"2021-12-22T14:02:59+00:00","og_image":[{"width":2500,"height":1667,"url":"https:\/\/www.ctf-fce.ca\/wp-content\/uploads\/2020\/12\/ctf-fce-vaccin.jpg","type":"image\/jpeg"}],"author":"Rolf","twitter_card":"summary_large_image","twitter_creator":"@CTFFCE","twitter_site":"@CTFFCE","twitter_misc":{"\u00c9crit par":"Rolf","Dur\u00e9e de lecture estim\u00e9e":"3 minutes"},"schema":{"@context":"https:\/\/schema.org","@graph":[{"@type":"Article","@id":"https:\/\/www.ctf-fce.ca\/fr\/le-canada-doit-favoriser-un-acces-equitable-aux-vaccins-contre-la-covid-19\/#article","isPartOf":{"@id":"https:\/\/www.ctf-fce.ca\/fr\/le-canada-doit-favoriser-un-acces-equitable-aux-vaccins-contre-la-covid-19\/"},"author":{"name":"Rolf","@id":"https:\/\/www.ctf-fce.ca\/fr\/#\/schema\/person\/3783b1d678a8ddadfd6a5618b7f78f61"},"headline":"Le Canada doit favoriser un acc\u00e8s \u00e9quitable aux vaccins contre la COVID-19","datePublished":"2021-12-22T13:53:02+00:00","dateModified":"2021-12-22T14:02:59+00:00","mainEntityOfPage":{"@id":"https:\/\/www.ctf-fce.ca\/fr\/le-canada-doit-favoriser-un-acces-equitable-aux-vaccins-contre-la-covid-19\/"},"wordCount":629,"publisher":{"@id":"https:\/\/www.ctf-fce.ca\/fr\/#organization"},"image":{"@id":"https:\/\/www.ctf-fce.ca\/fr\/le-canada-doit-favoriser-un-acces-equitable-aux-vaccins-contre-la-covid-19\/#primaryimage"},"thumbnailUrl":"https:\/\/www.ctf-fce.ca\/wp-content\/uploads\/2020\/12\/ctf-fce-vaccin.jpg","articleSection":["Action politique","Justice sociale"],"inLanguage":"fr-FR"},{"@type":"WebPage","@id":"https:\/\/www.ctf-fce.ca\/fr\/le-canada-doit-favoriser-un-acces-equitable-aux-vaccins-contre-la-covid-19\/","url":"https:\/\/www.ctf-fce.ca\/fr\/le-canada-doit-favoriser-un-acces-equitable-aux-vaccins-contre-la-covid-19\/","name":"Le Canada doit favoriser un acc\u00e8s \u00e9quitable aux vaccins contre la COVID-19 - CTF-FCE","isPartOf":{"@id":"https:\/\/www.ctf-fce.ca\/fr\/#website"},"primaryImageOfPage":{"@id":"https:\/\/www.ctf-fce.ca\/fr\/le-canada-doit-favoriser-un-acces-equitable-aux-vaccins-contre-la-covid-19\/#primaryimage"},"image":{"@id":"https:\/\/www.ctf-fce.ca\/fr\/le-canada-doit-favoriser-un-acces-equitable-aux-vaccins-contre-la-covid-19\/#primaryimage"},"thumbnailUrl":"https:\/\/www.ctf-fce.ca\/wp-content\/uploads\/2020\/12\/ctf-fce-vaccin.jpg","datePublished":"2021-12-22T13:53:02+00:00","dateModified":"2021-12-22T14:02:59+00:00","description":"Le moment est venu pour le Canada de passer \u00e0 l\u2019action pour rendre les vaccins abordables et accessibles \u00e0 l\u2019\u00e9chelle de la plan\u00e8te.","breadcrumb":{"@id":"https:\/\/www.ctf-fce.ca\/fr\/le-canada-doit-favoriser-un-acces-equitable-aux-vaccins-contre-la-covid-19\/#breadcrumb"},"inLanguage":"fr-FR","potentialAction":[{"@type":"ReadAction","target":["https:\/\/www.ctf-fce.ca\/fr\/le-canada-doit-favoriser-un-acces-equitable-aux-vaccins-contre-la-covid-19\/"]}]},{"@type":"ImageObject","inLanguage":"fr-FR","@id":"https:\/\/www.ctf-fce.ca\/fr\/le-canada-doit-favoriser-un-acces-equitable-aux-vaccins-contre-la-covid-19\/#primaryimage","url":"https:\/\/www.ctf-fce.ca\/wp-content\/uploads\/2020\/12\/ctf-fce-vaccin.jpg","contentUrl":"https:\/\/www.ctf-fce.ca\/wp-content\/uploads\/2020\/12\/ctf-fce-vaccin.jpg","width":2500,"height":1667,"caption":"Vaccination"},{"@type":"BreadcrumbList","@id":"https:\/\/www.ctf-fce.ca\/fr\/le-canada-doit-favoriser-un-acces-equitable-aux-vaccins-contre-la-covid-19\/#breadcrumb","itemListElement":[{"@type":"ListItem","position":1,"name":"Accueil","item":"https:\/\/www.ctf-fce.ca\/fr\/home\/"},{"@type":"ListItem","position":2,"name":"Le Canada doit favoriser un acc\u00e8s \u00e9quitable aux vaccins contre la COVID-19"}]},{"@type":"WebSite","@id":"https:\/\/www.ctf-fce.ca\/fr\/#website","url":"https:\/\/www.ctf-fce.ca\/fr\/","name":"CTF-FCE","description":"","publisher":{"@id":"https:\/\/www.ctf-fce.ca\/fr\/#organization"},"potentialAction":[{"@type":"SearchAction","target":{"@type":"EntryPoint","urlTemplate":"https:\/\/www.ctf-fce.ca\/fr\/?s={search_term_string}"},"query-input":{"@type":"PropertyValueSpecification","valueRequired":true,"valueName":"search_term_string"}}],"inLanguage":"fr-FR"},{"@type":"Organization","@id":"https:\/\/www.ctf-fce.ca\/fr\/#organization","name":"CTF-FCE","url":"https:\/\/www.ctf-fce.ca\/fr\/","logo":{"@type":"ImageObject","inLanguage":"fr-FR","@id":"https:\/\/www.ctf-fce.ca\/fr\/#\/schema\/logo\/image\/","url":"https:\/\/www.ctf-fce.ca\/wp-content\/uploads\/2020\/01\/ctf-fce-logo@2x.png","contentUrl":"https:\/\/www.ctf-fce.ca\/wp-content\/uploads\/2020\/01\/ctf-fce-logo@2x.png","width":485,"height":146,"caption":"CTF-FCE"},"image":{"@id":"https:\/\/www.ctf-fce.ca\/fr\/#\/schema\/logo\/image\/"},"sameAs":["https:\/\/www.facebook.com\/CTF.FCE\/","https:\/\/x.com\/CTFFCE","https:\/\/www.instagram.com\/ctffce\/","https:\/\/www.linkedin.com\/company\/canadian-teachers'\u200b-federation---f\u00e9d.-canadienne-des-enseignantes-et-des-enseignants\/","https:\/\/www.youtube.com\/user\/canadianteachers"]},{"@type":"Person","@id":"https:\/\/www.ctf-fce.ca\/fr\/#\/schema\/person\/3783b1d678a8ddadfd6a5618b7f78f61","name":"Rolf"}]}},"author_meta":{"display_name":"Rolf","author_link":"https:\/\/www.ctf-fce.ca\/fr\/author\/rolph-carlos-klausener\/"},"featured_img":"https:\/\/www.ctf-fce.ca\/wp-content\/uploads\/2020\/12\/ctf-fce-vaccin-300x200.jpg","coauthors":[],"tax_additional":{"categories":{"linked":["<a href=\"https:\/\/www.ctf-fce.ca\/fr\/categorie\/action-politique\/\" class=\"advgb-post-tax-term\">Action politique<\/a>","<a href=\"https:\/\/www.ctf-fce.ca\/fr\/categorie\/justice-sociale\/\" class=\"advgb-post-tax-term\">Justice sociale<\/a>"],"unlinked":["<span class=\"advgb-post-tax-term\">Action politique<\/span>","<span class=\"advgb-post-tax-term\">Justice sociale<\/span>"]}},"comment_count":"0","relative_dates":{"created":"Publi\u00e9 4 ans il y a","modified":"Mis \u00e0 jour 4 ans il y a"},"absolute_dates":{"created":"Publi\u00e9 le 22 d\u00e9cembre 2021","modified":"Mise \u00e0 jour le 22 d\u00e9cembre 2021"},"absolute_dates_time":{"created":"Publi\u00e9 le 22 d\u00e9cembre 2021 8h53","modified":"Mise \u00e0 jour le 22 d\u00e9cembre 2021 9h02"},"featured_img_caption":"","series_order":"","_links":{"self":[{"href":"https:\/\/www.ctf-fce.ca\/fr\/wp-json\/wp\/v2\/posts\/7119","targetHints":{"allow":["GET"]}}],"collection":[{"href":"https:\/\/www.ctf-fce.ca\/fr\/wp-json\/wp\/v2\/posts"}],"about":[{"href":"https:\/\/www.ctf-fce.ca\/fr\/wp-json\/wp\/v2\/types\/post"}],"author":[{"embeddable":true,"href":"https:\/\/www.ctf-fce.ca\/fr\/wp-json\/wp\/v2\/users\/4"}],"replies":[{"embeddable":true,"href":"https:\/\/www.ctf-fce.ca\/fr\/wp-json\/wp\/v2\/comments?post=7119"}],"version-history":[{"count":0,"href":"https:\/\/www.ctf-fce.ca\/fr\/wp-json\/wp\/v2\/posts\/7119\/revisions"}],"wp:featuredmedia":[{"embeddable":true,"href":"https:\/\/www.ctf-fce.ca\/fr\/wp-json\/wp\/v2\/media\/6116"}],"wp:attachment":[{"href":"https:\/\/www.ctf-fce.ca\/fr\/wp-json\/wp\/v2\/media?parent=7119"}],"wp:term":[{"taxonomy":"category","embeddable":true,"href":"https:\/\/www.ctf-fce.ca\/fr\/wp-json\/wp\/v2\/categories?post=7119"},{"taxonomy":"post_tag","embeddable":true,"href":"https:\/\/www.ctf-fce.ca\/fr\/wp-json\/wp\/v2\/tags?post=7119"}],"curies":[{"name":"wp","href":"https:\/\/api.w.org\/{rel}","templated":true}]}}