{"id":7377,"date":"2022-03-01T09:48:03","date_gmt":"2022-03-01T14:48:03","guid":{"rendered":"https:\/\/www.ctf-fce.ca\/?p=7377"},"modified":"2022-03-01T09:47:59","modified_gmt":"2022-03-01T14:47:59","slug":"lattaque-contre-lukraine-une-attaque-contre-la-democratie","status":"publish","type":"post","link":"https:\/\/www.ctf-fce.ca\/fr\/lattaque-contre-lukraine-une-attaque-contre-la-democratie\/","title":{"rendered":"L\u2019attaque contre l\u2019Ukraine, une attaque contre la d\u00e9mocratie"},"content":{"rendered":"\n<p>La F\u00e9d\u00e9ration canadienne des enseignantes et des enseignants (CTF\/FCE) condamne avec la plus grande v\u00e9h\u00e9mence l\u2019invasion de l\u2019Ukraine par la Russie et la guerre sous toutes ses formes.<\/p>\n\n\n\n<p>O\u00f9 que nous soyons au Canada, nous sommes solidaires du peuple ukrainien et exhortons notre gouvernement \u00e0 travailler avec la communaut\u00e9 internationale pour parvenir \u00e0 un cessez-le-feu imm\u00e9diat et \u00e0 un r\u00e8glement du conflit qui respecte la souverainet\u00e9 de l\u2019Ukraine, son droit \u00e0 l\u2019autod\u00e9termination et le droit international.<\/p>\n\n\n\n<p>L\u2019attaque contre la d\u00e9mocratie que repr\u00e9sente l\u2019invasion de l\u2019Ukraine nous concerne tous et toutes. Il y a quelques jours \u00e0 peine, la population ukrainienne vaquait \u00e0 ses occupations comme d\u2019habitude et aujourd\u2019hui, elle est en guerre. La violente attaque russe est un triste rappel que nous ne pouvons jamais tenir la d\u00e9mocratie et la primaut\u00e9 du droit pour acquises.<\/p>\n\n\n\n<p>Nous, \u00e0 la CTF\/FCE, continuons de travailler \u00e9troitement avec l\u2019Internationale de l\u2019\u00c9ducation (IE) et ses organisations affili\u00e9es de par le monde pour apporter notre soutien et manifester notre solidarit\u00e9 \u00e0 ses organisations d\u2019Ukraine, le syndicat libre de l\u2019\u00e9ducation et des sciences d\u2019Ukraine et le syndicat des travailleurs et travailleuses de l\u2019\u00e9ducation et des sciences d\u2019Ukraine.<\/p>\n\n\n\n<p>Et puis, le Canada entretient depuis longtemps d\u2019importantes relations avec ce pays d\u2019outre-Atlantique, comme en t\u00e9moignent son histoire et sa culture. Aussi nos pens\u00e9es accompagnent-elles nos nombreux concitoyens et concitoyennes qui font partie de la diaspora ukrainienne.<\/p>\n\n\n\n<p>Organisation d\u00e9mocratique nationale qui plaide pour une \u00e9ducation publique de qualit\u00e9 financ\u00e9e par l\u2019\u00c9tat et qui parle au nom des quelque 365\u00a0000 membres du corps enseignant et autres travailleurs et travailleuses de l\u2019\u00e9ducation du Canada, la CTF\/FCE d\u00e9fend avec force ce pilier central de la d\u00e9mocratie qu\u2019est l\u2019\u00e9ducation publique.<\/p>\n\n\n\n<h2 class=\"wp-block-heading\">La F\u00e9d\u00e9ration canadienne des enseignantes et des enseignants<\/h2>\n\n\n\n<p>Fond\u00e9e en 1920, la F\u00e9d\u00e9ration canadienne des enseignantes et des enseignants est la voix nationale de la profession enseignante. Alliance nationale d\u2019organisations provinciales et territoriales de l\u2019enseignement, la CTF\/FCE repr\u00e9sente plus de 365 000 enseignantes et enseignants des \u00e9coles \u00e9l\u00e9mentaires et secondaires au Canada.&nbsp;<\/p>\n\n\n\n<h3 class=\"wp-block-heading\">Contact avec les m\u00e9dias<\/h3>\n\n\n\n<p>Andrew King<br>F\u00e9d\u00e9ration canadienne des enseignantes et des enseignants (CTF\/FCE)<br><a href=\"https:\/\/www.ctf-fce.ca\/who-we-are\/contact-us\/?recipient=aking&amp;recipient_name=Andrew%20King&amp;recipient_exist=true\">Contact<\/a><br>Cellulaire : 819-213-7847&nbsp;&nbsp;&nbsp;<\/p>\n","protected":false},"excerpt":{"rendered":"<p>O\u00f9 que nous soyons au Canada, nous sommes solidaires du peuple ukrainien.<\/p>\n","protected":false},"author":4,"featured_media":7373,"comment_status":"closed","ping_status":"closed","sticky":false,"template":"","format":"standard","meta":{"_acf_changed":false,"advgb_blocks_editor_width":"","advgb_blocks_columns_visual_guide":"","footnotes":""},"categories":[569,557],"tags":[],"class_list":["post-7377","post","type-post","status-publish","format-standard","has-post-thumbnail","hentry","category-action-politique","category-justice-sociale"],"acf":[],"yoast_head":"<!-- This site is optimized with the Yoast SEO plugin v27.4 - https:\/\/yoast.com\/product\/yoast-seo-wordpress\/ -->\n<title>L\u2019attaque contre l\u2019Ukraine, une attaque contre la d\u00e9mocratie - CTF-FCE<\/title>\n<meta name=\"robots\" content=\"index, follow, max-snippet:-1, max-image-preview:large, max-video-preview:-1\" \/>\n<link rel=\"canonical\" href=\"https:\/\/www.ctf-fce.ca\/fr\/lattaque-contre-lukraine-une-attaque-contre-la-democratie\/\" \/>\n<meta property=\"og:locale\" content=\"fr_FR\" \/>\n<meta property=\"og:type\" content=\"article\" \/>\n<meta property=\"og:title\" content=\"L\u2019attaque contre l\u2019Ukraine, une attaque contre la d\u00e9mocratie - CTF-FCE\" \/>\n<meta property=\"og:description\" content=\"O\u00f9 que nous soyons au Canada, nous sommes solidaires du peuple ukrainien.\" \/>\n<meta property=\"og:url\" content=\"https:\/\/www.ctf-fce.ca\/fr\/lattaque-contre-lukraine-une-attaque-contre-la-democratie\/\" \/>\n<meta property=\"og:site_name\" content=\"CTF-FCE\" \/>\n<meta property=\"article:publisher\" content=\"https:\/\/www.facebook.com\/CTF.FCE\/\" \/>\n<meta property=\"article:published_time\" content=\"2022-03-01T14:48:03+00:00\" \/>\n<meta property=\"og:image\" content=\"https:\/\/www.ctf-fce.ca\/wp-content\/uploads\/2022\/03\/Ukraine-Statement_website_splatter-1024x576.jpg\" \/>\n\t<meta property=\"og:image:width\" content=\"1024\" \/>\n\t<meta property=\"og:image:height\" content=\"576\" \/>\n\t<meta property=\"og:image:type\" content=\"image\/jpeg\" \/>\n<meta name=\"author\" content=\"Rolf\" \/>\n<meta name=\"twitter:card\" content=\"summary_large_image\" \/>\n<meta name=\"twitter:creator\" content=\"@CTFFCE\" \/>\n<meta name=\"twitter:site\" content=\"@CTFFCE\" \/>\n<meta name=\"twitter:label1\" content=\"\u00c9crit par\" \/>\n\t<meta name=\"twitter:data1\" content=\"Rolf\" \/>\n\t<meta name=\"twitter:label2\" content=\"Dur\u00e9e de lecture estim\u00e9e\" \/>\n\t<meta name=\"twitter:data2\" content=\"2 minutes\" \/>\n<script type=\"application\/ld+json\" class=\"yoast-schema-graph\">{\"@context\":\"https:\\\/\\\/schema.org\",\"@graph\":[{\"@type\":\"Article\",\"@id\":\"https:\\\/\\\/www.ctf-fce.ca\\\/fr\\\/lattaque-contre-lukraine-une-attaque-contre-la-democratie\\\/#article\",\"isPartOf\":{\"@id\":\"https:\\\/\\\/www.ctf-fce.ca\\\/fr\\\/lattaque-contre-lukraine-une-attaque-contre-la-democratie\\\/\"},\"author\":{\"name\":\"Rolf\",\"@id\":\"https:\\\/\\\/www.ctf-fce.ca\\\/fr\\\/#\\\/schema\\\/person\\\/3783b1d678a8ddadfd6a5618b7f78f61\"},\"headline\":\"L\u2019attaque contre l\u2019Ukraine, une attaque contre la d\u00e9mocratie\",\"datePublished\":\"2022-03-01T14:48:03+00:00\",\"mainEntityOfPage\":{\"@id\":\"https:\\\/\\\/www.ctf-fce.ca\\\/fr\\\/lattaque-contre-lukraine-une-attaque-contre-la-democratie\\\/\"},\"wordCount\":404,\"publisher\":{\"@id\":\"https:\\\/\\\/www.ctf-fce.ca\\\/fr\\\/#organization\"},\"image\":{\"@id\":\"https:\\\/\\\/www.ctf-fce.ca\\\/fr\\\/lattaque-contre-lukraine-une-attaque-contre-la-democratie\\\/#primaryimage\"},\"thumbnailUrl\":\"https:\\\/\\\/www.ctf-fce.ca\\\/wp-content\\\/uploads\\\/2022\\\/03\\\/Ukraine-Statement_website_splatter.jpg\",\"articleSection\":[\"Action politique\",\"Justice sociale\"],\"inLanguage\":\"fr-FR\"},{\"@type\":\"WebPage\",\"@id\":\"https:\\\/\\\/www.ctf-fce.ca\\\/fr\\\/lattaque-contre-lukraine-une-attaque-contre-la-democratie\\\/\",\"url\":\"https:\\\/\\\/www.ctf-fce.ca\\\/fr\\\/lattaque-contre-lukraine-une-attaque-contre-la-democratie\\\/\",\"name\":\"L\u2019attaque contre l\u2019Ukraine, une attaque contre la d\u00e9mocratie - CTF-FCE\",\"isPartOf\":{\"@id\":\"https:\\\/\\\/www.ctf-fce.ca\\\/fr\\\/#website\"},\"primaryImageOfPage\":{\"@id\":\"https:\\\/\\\/www.ctf-fce.ca\\\/fr\\\/lattaque-contre-lukraine-une-attaque-contre-la-democratie\\\/#primaryimage\"},\"image\":{\"@id\":\"https:\\\/\\\/www.ctf-fce.ca\\\/fr\\\/lattaque-contre-lukraine-une-attaque-contre-la-democratie\\\/#primaryimage\"},\"thumbnailUrl\":\"https:\\\/\\\/www.ctf-fce.ca\\\/wp-content\\\/uploads\\\/2022\\\/03\\\/Ukraine-Statement_website_splatter.jpg\",\"datePublished\":\"2022-03-01T14:48:03+00:00\",\"breadcrumb\":{\"@id\":\"https:\\\/\\\/www.ctf-fce.ca\\\/fr\\\/lattaque-contre-lukraine-une-attaque-contre-la-democratie\\\/#breadcrumb\"},\"inLanguage\":\"fr-FR\",\"potentialAction\":[{\"@type\":\"ReadAction\",\"target\":[\"https:\\\/\\\/www.ctf-fce.ca\\\/fr\\\/lattaque-contre-lukraine-une-attaque-contre-la-democratie\\\/\"]}]},{\"@type\":\"ImageObject\",\"inLanguage\":\"fr-FR\",\"@id\":\"https:\\\/\\\/www.ctf-fce.ca\\\/fr\\\/lattaque-contre-lukraine-une-attaque-contre-la-democratie\\\/#primaryimage\",\"url\":\"https:\\\/\\\/www.ctf-fce.ca\\\/wp-content\\\/uploads\\\/2022\\\/03\\\/Ukraine-Statement_website_splatter.jpg\",\"contentUrl\":\"https:\\\/\\\/www.ctf-fce.ca\\\/wp-content\\\/uploads\\\/2022\\\/03\\\/Ukraine-Statement_website_splatter.jpg\",\"width\":1600,\"height\":900,\"caption\":\"Ukraine\"},{\"@type\":\"BreadcrumbList\",\"@id\":\"https:\\\/\\\/www.ctf-fce.ca\\\/fr\\\/lattaque-contre-lukraine-une-attaque-contre-la-democratie\\\/#breadcrumb\",\"itemListElement\":[{\"@type\":\"ListItem\",\"position\":1,\"name\":\"Accueil\",\"item\":\"https:\\\/\\\/www.ctf-fce.ca\\\/fr\\\/\"},{\"@type\":\"ListItem\",\"position\":2,\"name\":\"L\u2019attaque contre l\u2019Ukraine, une attaque contre la d\u00e9mocratie\"}]},{\"@type\":\"WebSite\",\"@id\":\"https:\\\/\\\/www.ctf-fce.ca\\\/fr\\\/#website\",\"url\":\"https:\\\/\\\/www.ctf-fce.ca\\\/fr\\\/\",\"name\":\"CTF-FCE\",\"description\":\"\",\"publisher\":{\"@id\":\"https:\\\/\\\/www.ctf-fce.ca\\\/fr\\\/#organization\"},\"potentialAction\":[{\"@type\":\"SearchAction\",\"target\":{\"@type\":\"EntryPoint\",\"urlTemplate\":\"https:\\\/\\\/www.ctf-fce.ca\\\/fr\\\/?s={search_term_string}\"},\"query-input\":{\"@type\":\"PropertyValueSpecification\",\"valueRequired\":true,\"valueName\":\"search_term_string\"}}],\"inLanguage\":\"fr-FR\"},{\"@type\":\"Organization\",\"@id\":\"https:\\\/\\\/www.ctf-fce.ca\\\/fr\\\/#organization\",\"name\":\"CTF-FCE\",\"url\":\"https:\\\/\\\/www.ctf-fce.ca\\\/fr\\\/\",\"logo\":{\"@type\":\"ImageObject\",\"inLanguage\":\"fr-FR\",\"@id\":\"https:\\\/\\\/www.ctf-fce.ca\\\/fr\\\/#\\\/schema\\\/logo\\\/image\\\/\",\"url\":\"https:\\\/\\\/www.ctf-fce.ca\\\/wp-content\\\/uploads\\\/2020\\\/01\\\/ctf-fce-logo@2x.png\",\"contentUrl\":\"https:\\\/\\\/www.ctf-fce.ca\\\/wp-content\\\/uploads\\\/2020\\\/01\\\/ctf-fce-logo@2x.png\",\"width\":485,\"height\":146,\"caption\":\"CTF-FCE\"},\"image\":{\"@id\":\"https:\\\/\\\/www.ctf-fce.ca\\\/fr\\\/#\\\/schema\\\/logo\\\/image\\\/\"},\"sameAs\":[\"https:\\\/\\\/www.facebook.com\\\/CTF.FCE\\\/\",\"https:\\\/\\\/x.com\\\/CTFFCE\",\"https:\\\/\\\/www.instagram.com\\\/ctffce\\\/\",\"https:\\\/\\\/www.linkedin.com\\\/company\\\/canadian-teachers'\u200b-federation---f\u00e9d.-canadienne-des-enseignantes-et-des-enseignants\\\/\",\"https:\\\/\\\/www.youtube.com\\\/user\\\/canadianteachers\"]},{\"@type\":\"Person\",\"@id\":\"https:\\\/\\\/www.ctf-fce.ca\\\/fr\\\/#\\\/schema\\\/person\\\/3783b1d678a8ddadfd6a5618b7f78f61\",\"name\":\"Rolf\"}]}<\/script>\n<!-- \/ Yoast SEO plugin. -->","yoast_head_json":{"title":"L\u2019attaque contre l\u2019Ukraine, une attaque contre la d\u00e9mocratie - CTF-FCE","robots":{"index":"index","follow":"follow","max-snippet":"max-snippet:-1","max-image-preview":"max-image-preview:large","max-video-preview":"max-video-preview:-1"},"canonical":"https:\/\/www.ctf-fce.ca\/fr\/lattaque-contre-lukraine-une-attaque-contre-la-democratie\/","og_locale":"fr_FR","og_type":"article","og_title":"L\u2019attaque contre l\u2019Ukraine, une attaque contre la d\u00e9mocratie - CTF-FCE","og_description":"O\u00f9 que nous soyons au Canada, nous sommes solidaires du peuple ukrainien.","og_url":"https:\/\/www.ctf-fce.ca\/fr\/lattaque-contre-lukraine-une-attaque-contre-la-democratie\/","og_site_name":"CTF-FCE","article_publisher":"https:\/\/www.facebook.com\/CTF.FCE\/","article_published_time":"2022-03-01T14:48:03+00:00","og_image":[{"width":1024,"height":576,"url":"https:\/\/www.ctf-fce.ca\/wp-content\/uploads\/2022\/03\/Ukraine-Statement_website_splatter-1024x576.jpg","type":"image\/jpeg"}],"author":"Rolf","twitter_card":"summary_large_image","twitter_creator":"@CTFFCE","twitter_site":"@CTFFCE","twitter_misc":{"\u00c9crit par":"Rolf","Dur\u00e9e de lecture estim\u00e9e":"2 minutes"},"schema":{"@context":"https:\/\/schema.org","@graph":[{"@type":"Article","@id":"https:\/\/www.ctf-fce.ca\/fr\/lattaque-contre-lukraine-une-attaque-contre-la-democratie\/#article","isPartOf":{"@id":"https:\/\/www.ctf-fce.ca\/fr\/lattaque-contre-lukraine-une-attaque-contre-la-democratie\/"},"author":{"name":"Rolf","@id":"https:\/\/www.ctf-fce.ca\/fr\/#\/schema\/person\/3783b1d678a8ddadfd6a5618b7f78f61"},"headline":"L\u2019attaque contre l\u2019Ukraine, une attaque contre la d\u00e9mocratie","datePublished":"2022-03-01T14:48:03+00:00","mainEntityOfPage":{"@id":"https:\/\/www.ctf-fce.ca\/fr\/lattaque-contre-lukraine-une-attaque-contre-la-democratie\/"},"wordCount":404,"publisher":{"@id":"https:\/\/www.ctf-fce.ca\/fr\/#organization"},"image":{"@id":"https:\/\/www.ctf-fce.ca\/fr\/lattaque-contre-lukraine-une-attaque-contre-la-democratie\/#primaryimage"},"thumbnailUrl":"https:\/\/www.ctf-fce.ca\/wp-content\/uploads\/2022\/03\/Ukraine-Statement_website_splatter.jpg","articleSection":["Action politique","Justice sociale"],"inLanguage":"fr-FR"},{"@type":"WebPage","@id":"https:\/\/www.ctf-fce.ca\/fr\/lattaque-contre-lukraine-une-attaque-contre-la-democratie\/","url":"https:\/\/www.ctf-fce.ca\/fr\/lattaque-contre-lukraine-une-attaque-contre-la-democratie\/","name":"L\u2019attaque contre l\u2019Ukraine, une attaque contre la d\u00e9mocratie - CTF-FCE","isPartOf":{"@id":"https:\/\/www.ctf-fce.ca\/fr\/#website"},"primaryImageOfPage":{"@id":"https:\/\/www.ctf-fce.ca\/fr\/lattaque-contre-lukraine-une-attaque-contre-la-democratie\/#primaryimage"},"image":{"@id":"https:\/\/www.ctf-fce.ca\/fr\/lattaque-contre-lukraine-une-attaque-contre-la-democratie\/#primaryimage"},"thumbnailUrl":"https:\/\/www.ctf-fce.ca\/wp-content\/uploads\/2022\/03\/Ukraine-Statement_website_splatter.jpg","datePublished":"2022-03-01T14:48:03+00:00","breadcrumb":{"@id":"https:\/\/www.ctf-fce.ca\/fr\/lattaque-contre-lukraine-une-attaque-contre-la-democratie\/#breadcrumb"},"inLanguage":"fr-FR","potentialAction":[{"@type":"ReadAction","target":["https:\/\/www.ctf-fce.ca\/fr\/lattaque-contre-lukraine-une-attaque-contre-la-democratie\/"]}]},{"@type":"ImageObject","inLanguage":"fr-FR","@id":"https:\/\/www.ctf-fce.ca\/fr\/lattaque-contre-lukraine-une-attaque-contre-la-democratie\/#primaryimage","url":"https:\/\/www.ctf-fce.ca\/wp-content\/uploads\/2022\/03\/Ukraine-Statement_website_splatter.jpg","contentUrl":"https:\/\/www.ctf-fce.ca\/wp-content\/uploads\/2022\/03\/Ukraine-Statement_website_splatter.jpg","width":1600,"height":900,"caption":"Ukraine"},{"@type":"BreadcrumbList","@id":"https:\/\/www.ctf-fce.ca\/fr\/lattaque-contre-lukraine-une-attaque-contre-la-democratie\/#breadcrumb","itemListElement":[{"@type":"ListItem","position":1,"name":"Accueil","item":"https:\/\/www.ctf-fce.ca\/fr\/"},{"@type":"ListItem","position":2,"name":"L\u2019attaque contre l\u2019Ukraine, une attaque contre la d\u00e9mocratie"}]},{"@type":"WebSite","@id":"https:\/\/www.ctf-fce.ca\/fr\/#website","url":"https:\/\/www.ctf-fce.ca\/fr\/","name":"CTF-FCE","description":"","publisher":{"@id":"https:\/\/www.ctf-fce.ca\/fr\/#organization"},"potentialAction":[{"@type":"SearchAction","target":{"@type":"EntryPoint","urlTemplate":"https:\/\/www.ctf-fce.ca\/fr\/?s={search_term_string}"},"query-input":{"@type":"PropertyValueSpecification","valueRequired":true,"valueName":"search_term_string"}}],"inLanguage":"fr-FR"},{"@type":"Organization","@id":"https:\/\/www.ctf-fce.ca\/fr\/#organization","name":"CTF-FCE","url":"https:\/\/www.ctf-fce.ca\/fr\/","logo":{"@type":"ImageObject","inLanguage":"fr-FR","@id":"https:\/\/www.ctf-fce.ca\/fr\/#\/schema\/logo\/image\/","url":"https:\/\/www.ctf-fce.ca\/wp-content\/uploads\/2020\/01\/ctf-fce-logo@2x.png","contentUrl":"https:\/\/www.ctf-fce.ca\/wp-content\/uploads\/2020\/01\/ctf-fce-logo@2x.png","width":485,"height":146,"caption":"CTF-FCE"},"image":{"@id":"https:\/\/www.ctf-fce.ca\/fr\/#\/schema\/logo\/image\/"},"sameAs":["https:\/\/www.facebook.com\/CTF.FCE\/","https:\/\/x.com\/CTFFCE","https:\/\/www.instagram.com\/ctffce\/","https:\/\/www.linkedin.com\/company\/canadian-teachers'\u200b-federation---f\u00e9d.-canadienne-des-enseignantes-et-des-enseignants\/","https:\/\/www.youtube.com\/user\/canadianteachers"]},{"@type":"Person","@id":"https:\/\/www.ctf-fce.ca\/fr\/#\/schema\/person\/3783b1d678a8ddadfd6a5618b7f78f61","name":"Rolf"}]}},"author_meta":{"display_name":"Rolf","author_link":"https:\/\/www.ctf-fce.ca\/fr\/author\/rolph-carlos-klausener\/"},"featured_img":"https:\/\/www.ctf-fce.ca\/wp-content\/uploads\/2022\/03\/Ukraine-Statement_website_splatter-300x169.jpg","coauthors":[],"tax_additional":{"categories":{"linked":["<a href=\"https:\/\/www.ctf-fce.ca\/fr\/categorie\/action-politique\/\" class=\"advgb-post-tax-term\">Action politique<\/a>","<a href=\"https:\/\/www.ctf-fce.ca\/fr\/categorie\/justice-sociale\/\" class=\"advgb-post-tax-term\">Justice sociale<\/a>"],"unlinked":["<span class=\"advgb-post-tax-term\">Action politique<\/span>","<span class=\"advgb-post-tax-term\">Justice sociale<\/span>"]}},"comment_count":"0","relative_dates":{"created":"Publi\u00e9 4 ans il y a","modified":"Mis \u00e0 jour 4 ans il y a"},"absolute_dates":{"created":"Publi\u00e9 le 1 mars 2022","modified":"Mise \u00e0 jour le 1 mars 2022"},"absolute_dates_time":{"created":"Publi\u00e9 le 1 mars 2022 9h48","modified":"Mise \u00e0 jour le 1 mars 2022 9h47"},"featured_img_caption":"","series_order":"","_links":{"self":[{"href":"https:\/\/www.ctf-fce.ca\/fr\/wp-json\/wp\/v2\/posts\/7377","targetHints":{"allow":["GET"]}}],"collection":[{"href":"https:\/\/www.ctf-fce.ca\/fr\/wp-json\/wp\/v2\/posts"}],"about":[{"href":"https:\/\/www.ctf-fce.ca\/fr\/wp-json\/wp\/v2\/types\/post"}],"author":[{"embeddable":true,"href":"https:\/\/www.ctf-fce.ca\/fr\/wp-json\/wp\/v2\/users\/4"}],"replies":[{"embeddable":true,"href":"https:\/\/www.ctf-fce.ca\/fr\/wp-json\/wp\/v2\/comments?post=7377"}],"version-history":[{"count":0,"href":"https:\/\/www.ctf-fce.ca\/fr\/wp-json\/wp\/v2\/posts\/7377\/revisions"}],"wp:featuredmedia":[{"embeddable":true,"href":"https:\/\/www.ctf-fce.ca\/fr\/wp-json\/wp\/v2\/media\/7373"}],"wp:attachment":[{"href":"https:\/\/www.ctf-fce.ca\/fr\/wp-json\/wp\/v2\/media?parent=7377"}],"wp:term":[{"taxonomy":"category","embeddable":true,"href":"https:\/\/www.ctf-fce.ca\/fr\/wp-json\/wp\/v2\/categories?post=7377"},{"taxonomy":"post_tag","embeddable":true,"href":"https:\/\/www.ctf-fce.ca\/fr\/wp-json\/wp\/v2\/tags?post=7377"}],"curies":[{"name":"wp","href":"https:\/\/api.w.org\/{rel}","templated":true}]}}