{"id":7576,"date":"2022-05-18T11:01:23","date_gmt":"2022-05-18T15:01:23","guid":{"rendered":"https:\/\/www.ctf-fce.ca\/?p=7576"},"modified":"2022-05-18T11:18:16","modified_gmt":"2022-05-18T15:18:16","slug":"preoccupations-grandissantes-avec-les-pratiques-commerciales-de-meta","status":"publish","type":"post","link":"https:\/\/www.ctf-fce.ca\/fr\/preoccupations-grandissantes-avec-les-pratiques-commerciales-de-meta\/","title":{"rendered":"Pr\u00e9occupations grandissantes avec les pratiques commerciales de Meta"},"content":{"rendered":"\n<p>Mark Zuckerberg, Sheryl Sandberg,<\/p>\n\n\n\n<p>La F\u00e9d\u00e9ration canadienne des enseignantes et des enseignants (CTF\/FCE) en est venue \u00e0 beaucoup se servir des plateformes Facebook et Instagram de Meta pour ses communications sur les m\u00e9dias sociaux. Ces deux plateformes lui permettent de faire conna\u00eetre son travail \u00e0 ses organisations membres et associ\u00e9es et, par ricochet, aux plus de 365&nbsp;000 membres du corps enseignant et travailleurs et travailleuses de soutien \u00e0 l\u2019\u00e9ducation qu\u2019elles repr\u00e9sentent au Canada.<\/p>\n\n\n\n<p>Cependant, les pr\u00e9occupations grandissantes que soul\u00e8vent les politiques et les pratiques commerciales de Meta et leurs cons\u00e9quences sociales n\u00e9gatives ont amen\u00e9 la CTF\/FCE \u00e0 reconsid\u00e9rer son utilisation de Facebook et d\u2019Instagram. Les r\u00e9v\u00e9lations des <em>Facebook Papers<\/em> ont inqui\u00e9t\u00e9 la CTF\/FCE. La liste qui suit cite certaines des pratiques particuli\u00e8rement pr\u00e9occupantes de Meta&nbsp;:&nbsp;<\/p>\n\n\n\n<ul class=\"wp-block-list\"><li>Dans son souci d\u2019attirer l\u2019attention des utilisateurs et utilisatrices, Facebook a laiss\u00e9 tomber ou retard\u00e9 des mesures pour r\u00e9duire la circulation de fausse information et la radicalisation;<br><\/li><li>Les algorithmes de Facebook donnaient aux \u00e9mojis du genre \u00ab f\u00e2ch\u00e9 \u00bb cinq fois le poids des \u00ab J\u2019aime \u00bb, de sorte que les messages associ\u00e9s \u00e0 ces \u00e9motions n\u00e9gatives apparaissaient bien plus dans les fils des utilisateurs et utilisatrices afin de susciter leurs r\u00e9actions, lesquelles sont essentielles aux int\u00e9r\u00eats commerciaux de Facebook;<br><\/li><li>Des enqu\u00eateurs et enqu\u00eatrices de l\u2019Organisation des Nations Unies sur les droits de la personne ont conclu qu\u2019un discours haineux diffus\u00e9 sur Facebook a jou\u00e9 un r\u00f4le central dans l\u2019explosion de violence au Myanmar;<br><\/li><li>On voit beaucoup de messages, de mots-clics, d\u2019images et de termes de recherche sur Instagram qui font la promotion et rendent attrayants les troubles de l\u2019alimentation comme l\u2019anorexie et la boulimie.<br><\/li><\/ul>\n\n\n\n<p>Apr\u00e8s un examen des <em>Facebook Papers<\/em> et devant le conflit de valeurs entre la CTF\/FCE et Meta, le Conseil d\u2019administration de la F\u00e9d\u00e9ration a adopt\u00e9 la motion suivante \u00e0 sa r\u00e9union d\u2019avril 2022&nbsp;: \u00ab&nbsp;QUE&nbsp;la CTF\/FCE cesse d\u2019acheter de la publicit\u00e9 sur Facebook, Instagram et tout autre produit de Meta au moins jusqu\u2019\u00e0 ce que les politiques et les pratiques de l\u2019entreprise correspondent davantage aux valeurs de la CTF\/FCE.&nbsp;\u00bb<\/p>\n\n\n\n<p>Ces trois derni\u00e8res ann\u00e9es, la CTF\/FCE a achet\u00e9 \u00e0 Meta des espaces publicitaires pour diverses campagnes nationales sur Facebook et Instagram. M\u00eame si la d\u00e9cision de ne plus le faire risque de limiter la port\u00e9e de la CTF\/FCE et de son travail, elle estime qu\u2019il est plus important de d\u00e9fendre ses valeurs que d\u2019accro\u00eetre sa visibilit\u00e9.<\/p>\n\n\n\n<p>La CTF\/FCE se rend bien compte qu\u2019elle n\u2019est qu\u2019une cliente de Meta parmi tant d\u2019autres de par le monde, mais tient \u00e0 dire haut et fort que les pratiques de Meta nuisent \u00e0 la soci\u00e9t\u00e9 et vont \u00e0 l\u2019encontre des valeurs qui accompagnent le principe d\u2019une \u00e9ducation publique de qualit\u00e9, financ\u00e9e par l\u2019\u00c9tat, que la CTF\/FCE d\u00e9fend ardemment. Nous posons donc ce premier geste en esp\u00e9rant voir bient\u00f4t arriver le jour o\u00f9 les fa\u00e7ons de faire de Meta seront davantage en harmonie avec nos valeurs. &nbsp;<\/p>\n\n\n\n<p>Dans l\u2019espoir d\u2019une r\u00e9ponse de votre part, je vous prie d\u2019agr\u00e9er, Monsieur, Madame, l\u2019assurance de ma consid\u00e9ration distingu\u00e9e.<\/p>\n\n\n\n<p>Le pr\u00e9sident de la CTF\/FCE,<br><strong>Sam Hammond<\/strong><br><\/p>\n\n\n\n<h2 class=\"wp-block-heading\">La F\u00e9d\u00e9ration canadienne des enseignantes et des enseignants<\/h2>\n\n\n\n<p>Fond\u00e9e en 1920, la F\u00e9d\u00e9ration canadienne des enseignantes et des enseignants est la voix nationale de la profession enseignante. Alliance nationale d\u2019organisations provinciales et territoriales de l\u2019enseignement, la CTF\/FCE repr\u00e9sente plus de 365 000 enseignantes et enseignants des \u00e9coles \u00e9l\u00e9mentaires et secondaires au Canada.&nbsp;<\/p>\n\n\n\n<h3 class=\"wp-block-heading\">Contact avec les m\u00e9dias<\/h3>\n\n\n\n<p>Andrew King<br>F\u00e9d\u00e9ration canadienne des enseignantes et des enseignants (CTF\/FCE)<br><a href=\"https:\/\/www.ctf-fce.ca\/who-we-are\/contact-us\/?recipient=aking&amp;recipient_name=Andrew%20King&amp;recipient_exist=true\">Contact<\/a><br>Cellulaire : 819-213-7847&nbsp;&nbsp;<\/p>\n","protected":false},"excerpt":{"rendered":"<p>Les pratiques de Meta nuisent \u00e0 l\u2019encontre des valeurs de l\u2019\u00e9ducation publique de qualit\u00e9, financ\u00e9e par l\u2019\u00c9tat.<\/p>\n","protected":false},"author":4,"featured_media":7571,"comment_status":"closed","ping_status":"closed","sticky":false,"template":"","format":"standard","meta":{"_acf_changed":false,"advgb_blocks_editor_width":"","advgb_blocks_columns_visual_guide":"","footnotes":""},"categories":[570,557],"tags":[],"class_list":["post-7576","post","type-post","status-publish","format-standard","has-post-thumbnail","hentry","category-education-publique","category-justice-sociale"],"acf":[],"yoast_head":"<!-- This site is optimized with the Yoast SEO plugin v27.4 - https:\/\/yoast.com\/product\/yoast-seo-wordpress\/ -->\n<title>Pr\u00e9occupations grandissantes avec les pratiques commerciales de Meta - CTF-FCE<\/title>\n<meta name=\"robots\" content=\"index, follow, max-snippet:-1, max-image-preview:large, max-video-preview:-1\" \/>\n<link rel=\"canonical\" href=\"https:\/\/www.ctf-fce.ca\/fr\/preoccupations-grandissantes-avec-les-pratiques-commerciales-de-meta\/\" \/>\n<meta property=\"og:locale\" content=\"fr_FR\" \/>\n<meta property=\"og:type\" content=\"article\" \/>\n<meta property=\"og:title\" content=\"Pr\u00e9occupations grandissantes avec les pratiques commerciales de Meta - CTF-FCE\" \/>\n<meta property=\"og:description\" content=\"Les pratiques de Meta nuisent \u00e0 l\u2019encontre des valeurs de l\u2019\u00e9ducation publique de qualit\u00e9, financ\u00e9e par l\u2019\u00c9tat.\" \/>\n<meta property=\"og:url\" content=\"https:\/\/www.ctf-fce.ca\/fr\/preoccupations-grandissantes-avec-les-pratiques-commerciales-de-meta\/\" \/>\n<meta property=\"og:site_name\" content=\"CTF-FCE\" \/>\n<meta property=\"article:publisher\" content=\"https:\/\/www.facebook.com\/CTF.FCE\/\" \/>\n<meta property=\"article:published_time\" content=\"2022-05-18T15:01:23+00:00\" \/>\n<meta property=\"article:modified_time\" content=\"2022-05-18T15:18:16+00:00\" \/>\n<meta property=\"og:image\" content=\"https:\/\/www.ctf-fce.ca\/wp-content\/uploads\/2022\/05\/not-supporting-meta-facebook-1024x681.jpg\" \/>\n\t<meta property=\"og:image:width\" content=\"1024\" \/>\n\t<meta property=\"og:image:height\" content=\"681\" \/>\n\t<meta property=\"og:image:type\" content=\"image\/jpeg\" \/>\n<meta name=\"author\" content=\"Rolf\" \/>\n<meta name=\"twitter:card\" content=\"summary_large_image\" \/>\n<meta name=\"twitter:creator\" content=\"@CTFFCE\" \/>\n<meta name=\"twitter:site\" content=\"@CTFFCE\" \/>\n<meta name=\"twitter:label1\" content=\"\u00c9crit par\" \/>\n\t<meta name=\"twitter:data1\" content=\"Rolf\" \/>\n\t<meta name=\"twitter:label2\" content=\"Dur\u00e9e de lecture estim\u00e9e\" \/>\n\t<meta name=\"twitter:data2\" content=\"3 minutes\" \/>\n<script type=\"application\/ld+json\" class=\"yoast-schema-graph\">{\"@context\":\"https:\\\/\\\/schema.org\",\"@graph\":[{\"@type\":\"Article\",\"@id\":\"https:\\\/\\\/www.ctf-fce.ca\\\/fr\\\/preoccupations-grandissantes-avec-les-pratiques-commerciales-de-meta\\\/#article\",\"isPartOf\":{\"@id\":\"https:\\\/\\\/www.ctf-fce.ca\\\/fr\\\/preoccupations-grandissantes-avec-les-pratiques-commerciales-de-meta\\\/\"},\"author\":{\"name\":\"Rolf\",\"@id\":\"https:\\\/\\\/www.ctf-fce.ca\\\/fr\\\/#\\\/schema\\\/person\\\/3783b1d678a8ddadfd6a5618b7f78f61\"},\"headline\":\"Pr\u00e9occupations grandissantes avec les pratiques commerciales de Meta\",\"datePublished\":\"2022-05-18T15:01:23+00:00\",\"dateModified\":\"2022-05-18T15:18:16+00:00\",\"mainEntityOfPage\":{\"@id\":\"https:\\\/\\\/www.ctf-fce.ca\\\/fr\\\/preoccupations-grandissantes-avec-les-pratiques-commerciales-de-meta\\\/\"},\"wordCount\":677,\"publisher\":{\"@id\":\"https:\\\/\\\/www.ctf-fce.ca\\\/fr\\\/#organization\"},\"image\":{\"@id\":\"https:\\\/\\\/www.ctf-fce.ca\\\/fr\\\/preoccupations-grandissantes-avec-les-pratiques-commerciales-de-meta\\\/#primaryimage\"},\"thumbnailUrl\":\"https:\\\/\\\/www.ctf-fce.ca\\\/wp-content\\\/uploads\\\/2022\\\/05\\\/not-supporting-meta-facebook.jpg\",\"articleSection\":[\"\u00c9ducation publique\",\"Justice sociale\"],\"inLanguage\":\"fr-FR\"},{\"@type\":\"WebPage\",\"@id\":\"https:\\\/\\\/www.ctf-fce.ca\\\/fr\\\/preoccupations-grandissantes-avec-les-pratiques-commerciales-de-meta\\\/\",\"url\":\"https:\\\/\\\/www.ctf-fce.ca\\\/fr\\\/preoccupations-grandissantes-avec-les-pratiques-commerciales-de-meta\\\/\",\"name\":\"Pr\u00e9occupations grandissantes avec les pratiques commerciales de Meta - CTF-FCE\",\"isPartOf\":{\"@id\":\"https:\\\/\\\/www.ctf-fce.ca\\\/fr\\\/#website\"},\"primaryImageOfPage\":{\"@id\":\"https:\\\/\\\/www.ctf-fce.ca\\\/fr\\\/preoccupations-grandissantes-avec-les-pratiques-commerciales-de-meta\\\/#primaryimage\"},\"image\":{\"@id\":\"https:\\\/\\\/www.ctf-fce.ca\\\/fr\\\/preoccupations-grandissantes-avec-les-pratiques-commerciales-de-meta\\\/#primaryimage\"},\"thumbnailUrl\":\"https:\\\/\\\/www.ctf-fce.ca\\\/wp-content\\\/uploads\\\/2022\\\/05\\\/not-supporting-meta-facebook.jpg\",\"datePublished\":\"2022-05-18T15:01:23+00:00\",\"dateModified\":\"2022-05-18T15:18:16+00:00\",\"breadcrumb\":{\"@id\":\"https:\\\/\\\/www.ctf-fce.ca\\\/fr\\\/preoccupations-grandissantes-avec-les-pratiques-commerciales-de-meta\\\/#breadcrumb\"},\"inLanguage\":\"fr-FR\",\"potentialAction\":[{\"@type\":\"ReadAction\",\"target\":[\"https:\\\/\\\/www.ctf-fce.ca\\\/fr\\\/preoccupations-grandissantes-avec-les-pratiques-commerciales-de-meta\\\/\"]}]},{\"@type\":\"ImageObject\",\"inLanguage\":\"fr-FR\",\"@id\":\"https:\\\/\\\/www.ctf-fce.ca\\\/fr\\\/preoccupations-grandissantes-avec-les-pratiques-commerciales-de-meta\\\/#primaryimage\",\"url\":\"https:\\\/\\\/www.ctf-fce.ca\\\/wp-content\\\/uploads\\\/2022\\\/05\\\/not-supporting-meta-facebook.jpg\",\"contentUrl\":\"https:\\\/\\\/www.ctf-fce.ca\\\/wp-content\\\/uploads\\\/2022\\\/05\\\/not-supporting-meta-facebook.jpg\",\"width\":2560,\"height\":1702,\"caption\":\"o Growing concerns over Meta business practices\"},{\"@type\":\"BreadcrumbList\",\"@id\":\"https:\\\/\\\/www.ctf-fce.ca\\\/fr\\\/preoccupations-grandissantes-avec-les-pratiques-commerciales-de-meta\\\/#breadcrumb\",\"itemListElement\":[{\"@type\":\"ListItem\",\"position\":1,\"name\":\"Accueil\",\"item\":\"https:\\\/\\\/www.ctf-fce.ca\\\/fr\\\/\"},{\"@type\":\"ListItem\",\"position\":2,\"name\":\"Pr\u00e9occupations grandissantes avec les pratiques commerciales de Meta\"}]},{\"@type\":\"WebSite\",\"@id\":\"https:\\\/\\\/www.ctf-fce.ca\\\/fr\\\/#website\",\"url\":\"https:\\\/\\\/www.ctf-fce.ca\\\/fr\\\/\",\"name\":\"CTF-FCE\",\"description\":\"\",\"publisher\":{\"@id\":\"https:\\\/\\\/www.ctf-fce.ca\\\/fr\\\/#organization\"},\"potentialAction\":[{\"@type\":\"SearchAction\",\"target\":{\"@type\":\"EntryPoint\",\"urlTemplate\":\"https:\\\/\\\/www.ctf-fce.ca\\\/fr\\\/?s={search_term_string}\"},\"query-input\":{\"@type\":\"PropertyValueSpecification\",\"valueRequired\":true,\"valueName\":\"search_term_string\"}}],\"inLanguage\":\"fr-FR\"},{\"@type\":\"Organization\",\"@id\":\"https:\\\/\\\/www.ctf-fce.ca\\\/fr\\\/#organization\",\"name\":\"CTF-FCE\",\"url\":\"https:\\\/\\\/www.ctf-fce.ca\\\/fr\\\/\",\"logo\":{\"@type\":\"ImageObject\",\"inLanguage\":\"fr-FR\",\"@id\":\"https:\\\/\\\/www.ctf-fce.ca\\\/fr\\\/#\\\/schema\\\/logo\\\/image\\\/\",\"url\":\"https:\\\/\\\/www.ctf-fce.ca\\\/wp-content\\\/uploads\\\/2020\\\/01\\\/ctf-fce-logo@2x.png\",\"contentUrl\":\"https:\\\/\\\/www.ctf-fce.ca\\\/wp-content\\\/uploads\\\/2020\\\/01\\\/ctf-fce-logo@2x.png\",\"width\":485,\"height\":146,\"caption\":\"CTF-FCE\"},\"image\":{\"@id\":\"https:\\\/\\\/www.ctf-fce.ca\\\/fr\\\/#\\\/schema\\\/logo\\\/image\\\/\"},\"sameAs\":[\"https:\\\/\\\/www.facebook.com\\\/CTF.FCE\\\/\",\"https:\\\/\\\/x.com\\\/CTFFCE\",\"https:\\\/\\\/www.instagram.com\\\/ctffce\\\/\",\"https:\\\/\\\/www.linkedin.com\\\/company\\\/canadian-teachers'\u200b-federation---f\u00e9d.-canadienne-des-enseignantes-et-des-enseignants\\\/\",\"https:\\\/\\\/www.youtube.com\\\/user\\\/canadianteachers\"]},{\"@type\":\"Person\",\"@id\":\"https:\\\/\\\/www.ctf-fce.ca\\\/fr\\\/#\\\/schema\\\/person\\\/3783b1d678a8ddadfd6a5618b7f78f61\",\"name\":\"Rolf\"}]}<\/script>\n<!-- \/ Yoast SEO plugin. -->","yoast_head_json":{"title":"Pr\u00e9occupations grandissantes avec les pratiques commerciales de Meta - CTF-FCE","robots":{"index":"index","follow":"follow","max-snippet":"max-snippet:-1","max-image-preview":"max-image-preview:large","max-video-preview":"max-video-preview:-1"},"canonical":"https:\/\/www.ctf-fce.ca\/fr\/preoccupations-grandissantes-avec-les-pratiques-commerciales-de-meta\/","og_locale":"fr_FR","og_type":"article","og_title":"Pr\u00e9occupations grandissantes avec les pratiques commerciales de Meta - CTF-FCE","og_description":"Les pratiques de Meta nuisent \u00e0 l\u2019encontre des valeurs de l\u2019\u00e9ducation publique de qualit\u00e9, financ\u00e9e par l\u2019\u00c9tat.","og_url":"https:\/\/www.ctf-fce.ca\/fr\/preoccupations-grandissantes-avec-les-pratiques-commerciales-de-meta\/","og_site_name":"CTF-FCE","article_publisher":"https:\/\/www.facebook.com\/CTF.FCE\/","article_published_time":"2022-05-18T15:01:23+00:00","article_modified_time":"2022-05-18T15:18:16+00:00","og_image":[{"width":1024,"height":681,"url":"https:\/\/www.ctf-fce.ca\/wp-content\/uploads\/2022\/05\/not-supporting-meta-facebook-1024x681.jpg","type":"image\/jpeg"}],"author":"Rolf","twitter_card":"summary_large_image","twitter_creator":"@CTFFCE","twitter_site":"@CTFFCE","twitter_misc":{"\u00c9crit par":"Rolf","Dur\u00e9e de lecture estim\u00e9e":"3 minutes"},"schema":{"@context":"https:\/\/schema.org","@graph":[{"@type":"Article","@id":"https:\/\/www.ctf-fce.ca\/fr\/preoccupations-grandissantes-avec-les-pratiques-commerciales-de-meta\/#article","isPartOf":{"@id":"https:\/\/www.ctf-fce.ca\/fr\/preoccupations-grandissantes-avec-les-pratiques-commerciales-de-meta\/"},"author":{"name":"Rolf","@id":"https:\/\/www.ctf-fce.ca\/fr\/#\/schema\/person\/3783b1d678a8ddadfd6a5618b7f78f61"},"headline":"Pr\u00e9occupations grandissantes avec les pratiques commerciales de Meta","datePublished":"2022-05-18T15:01:23+00:00","dateModified":"2022-05-18T15:18:16+00:00","mainEntityOfPage":{"@id":"https:\/\/www.ctf-fce.ca\/fr\/preoccupations-grandissantes-avec-les-pratiques-commerciales-de-meta\/"},"wordCount":677,"publisher":{"@id":"https:\/\/www.ctf-fce.ca\/fr\/#organization"},"image":{"@id":"https:\/\/www.ctf-fce.ca\/fr\/preoccupations-grandissantes-avec-les-pratiques-commerciales-de-meta\/#primaryimage"},"thumbnailUrl":"https:\/\/www.ctf-fce.ca\/wp-content\/uploads\/2022\/05\/not-supporting-meta-facebook.jpg","articleSection":["\u00c9ducation publique","Justice sociale"],"inLanguage":"fr-FR"},{"@type":"WebPage","@id":"https:\/\/www.ctf-fce.ca\/fr\/preoccupations-grandissantes-avec-les-pratiques-commerciales-de-meta\/","url":"https:\/\/www.ctf-fce.ca\/fr\/preoccupations-grandissantes-avec-les-pratiques-commerciales-de-meta\/","name":"Pr\u00e9occupations grandissantes avec les pratiques commerciales de Meta - CTF-FCE","isPartOf":{"@id":"https:\/\/www.ctf-fce.ca\/fr\/#website"},"primaryImageOfPage":{"@id":"https:\/\/www.ctf-fce.ca\/fr\/preoccupations-grandissantes-avec-les-pratiques-commerciales-de-meta\/#primaryimage"},"image":{"@id":"https:\/\/www.ctf-fce.ca\/fr\/preoccupations-grandissantes-avec-les-pratiques-commerciales-de-meta\/#primaryimage"},"thumbnailUrl":"https:\/\/www.ctf-fce.ca\/wp-content\/uploads\/2022\/05\/not-supporting-meta-facebook.jpg","datePublished":"2022-05-18T15:01:23+00:00","dateModified":"2022-05-18T15:18:16+00:00","breadcrumb":{"@id":"https:\/\/www.ctf-fce.ca\/fr\/preoccupations-grandissantes-avec-les-pratiques-commerciales-de-meta\/#breadcrumb"},"inLanguage":"fr-FR","potentialAction":[{"@type":"ReadAction","target":["https:\/\/www.ctf-fce.ca\/fr\/preoccupations-grandissantes-avec-les-pratiques-commerciales-de-meta\/"]}]},{"@type":"ImageObject","inLanguage":"fr-FR","@id":"https:\/\/www.ctf-fce.ca\/fr\/preoccupations-grandissantes-avec-les-pratiques-commerciales-de-meta\/#primaryimage","url":"https:\/\/www.ctf-fce.ca\/wp-content\/uploads\/2022\/05\/not-supporting-meta-facebook.jpg","contentUrl":"https:\/\/www.ctf-fce.ca\/wp-content\/uploads\/2022\/05\/not-supporting-meta-facebook.jpg","width":2560,"height":1702,"caption":"o Growing concerns over Meta business practices"},{"@type":"BreadcrumbList","@id":"https:\/\/www.ctf-fce.ca\/fr\/preoccupations-grandissantes-avec-les-pratiques-commerciales-de-meta\/#breadcrumb","itemListElement":[{"@type":"ListItem","position":1,"name":"Accueil","item":"https:\/\/www.ctf-fce.ca\/fr\/"},{"@type":"ListItem","position":2,"name":"Pr\u00e9occupations grandissantes avec les pratiques commerciales de Meta"}]},{"@type":"WebSite","@id":"https:\/\/www.ctf-fce.ca\/fr\/#website","url":"https:\/\/www.ctf-fce.ca\/fr\/","name":"CTF-FCE","description":"","publisher":{"@id":"https:\/\/www.ctf-fce.ca\/fr\/#organization"},"potentialAction":[{"@type":"SearchAction","target":{"@type":"EntryPoint","urlTemplate":"https:\/\/www.ctf-fce.ca\/fr\/?s={search_term_string}"},"query-input":{"@type":"PropertyValueSpecification","valueRequired":true,"valueName":"search_term_string"}}],"inLanguage":"fr-FR"},{"@type":"Organization","@id":"https:\/\/www.ctf-fce.ca\/fr\/#organization","name":"CTF-FCE","url":"https:\/\/www.ctf-fce.ca\/fr\/","logo":{"@type":"ImageObject","inLanguage":"fr-FR","@id":"https:\/\/www.ctf-fce.ca\/fr\/#\/schema\/logo\/image\/","url":"https:\/\/www.ctf-fce.ca\/wp-content\/uploads\/2020\/01\/ctf-fce-logo@2x.png","contentUrl":"https:\/\/www.ctf-fce.ca\/wp-content\/uploads\/2020\/01\/ctf-fce-logo@2x.png","width":485,"height":146,"caption":"CTF-FCE"},"image":{"@id":"https:\/\/www.ctf-fce.ca\/fr\/#\/schema\/logo\/image\/"},"sameAs":["https:\/\/www.facebook.com\/CTF.FCE\/","https:\/\/x.com\/CTFFCE","https:\/\/www.instagram.com\/ctffce\/","https:\/\/www.linkedin.com\/company\/canadian-teachers'\u200b-federation---f\u00e9d.-canadienne-des-enseignantes-et-des-enseignants\/","https:\/\/www.youtube.com\/user\/canadianteachers"]},{"@type":"Person","@id":"https:\/\/www.ctf-fce.ca\/fr\/#\/schema\/person\/3783b1d678a8ddadfd6a5618b7f78f61","name":"Rolf"}]}},"author_meta":{"display_name":"Rolf","author_link":"https:\/\/www.ctf-fce.ca\/fr\/author\/rolph-carlos-klausener\/"},"featured_img":"https:\/\/www.ctf-fce.ca\/wp-content\/uploads\/2022\/05\/not-supporting-meta-facebook-300x199.jpg","coauthors":[],"tax_additional":{"categories":{"linked":["<a href=\"https:\/\/www.ctf-fce.ca\/fr\/categorie\/education-publique\/\" class=\"advgb-post-tax-term\">\u00c9ducation publique<\/a>","<a href=\"https:\/\/www.ctf-fce.ca\/fr\/categorie\/justice-sociale\/\" class=\"advgb-post-tax-term\">Justice sociale<\/a>"],"unlinked":["<span class=\"advgb-post-tax-term\">\u00c9ducation publique<\/span>","<span class=\"advgb-post-tax-term\">Justice sociale<\/span>"]}},"comment_count":"0","relative_dates":{"created":"Publi\u00e9 4 ans il y a","modified":"Mis \u00e0 jour 4 ans il y a"},"absolute_dates":{"created":"Publi\u00e9 le 18 mai 2022","modified":"Mise \u00e0 jour le 18 mai 2022"},"absolute_dates_time":{"created":"Publi\u00e9 le 18 mai 2022 11h01","modified":"Mise \u00e0 jour le 18 mai 2022 11h18"},"featured_img_caption":"","series_order":"","_links":{"self":[{"href":"https:\/\/www.ctf-fce.ca\/fr\/wp-json\/wp\/v2\/posts\/7576","targetHints":{"allow":["GET"]}}],"collection":[{"href":"https:\/\/www.ctf-fce.ca\/fr\/wp-json\/wp\/v2\/posts"}],"about":[{"href":"https:\/\/www.ctf-fce.ca\/fr\/wp-json\/wp\/v2\/types\/post"}],"author":[{"embeddable":true,"href":"https:\/\/www.ctf-fce.ca\/fr\/wp-json\/wp\/v2\/users\/4"}],"replies":[{"embeddable":true,"href":"https:\/\/www.ctf-fce.ca\/fr\/wp-json\/wp\/v2\/comments?post=7576"}],"version-history":[{"count":0,"href":"https:\/\/www.ctf-fce.ca\/fr\/wp-json\/wp\/v2\/posts\/7576\/revisions"}],"wp:featuredmedia":[{"embeddable":true,"href":"https:\/\/www.ctf-fce.ca\/fr\/wp-json\/wp\/v2\/media\/7571"}],"wp:attachment":[{"href":"https:\/\/www.ctf-fce.ca\/fr\/wp-json\/wp\/v2\/media?parent=7576"}],"wp:term":[{"taxonomy":"category","embeddable":true,"href":"https:\/\/www.ctf-fce.ca\/fr\/wp-json\/wp\/v2\/categories?post=7576"},{"taxonomy":"post_tag","embeddable":true,"href":"https:\/\/www.ctf-fce.ca\/fr\/wp-json\/wp\/v2\/tags?post=7576"}],"curies":[{"name":"wp","href":"https:\/\/api.w.org\/{rel}","templated":true}]}}